{"id":995,"date":"2020-01-08T16:38:00","date_gmt":"2020-01-08T16:38:00","guid":{"rendered":"http:\/\/www.sanmiguel.com\/es\/?p=995"},"modified":"2023-12-13T16:00:47","modified_gmt":"2023-12-13T16:00:47","slug":"la-grave-enfermedad-de-iribar","status":"publish","type":"post","link":"https:\/\/www.sanmiguel.com\/es\/futbol\/athletic-club\/historias-de-la-aficion\/la-grave-enfermedad-de-iribar\/","title":{"rendered":"La grave enfermedad de Iribar"},"content":{"rendered":"\n<p>Jos\u00e9 \u00c1ngel Iribar form\u00f3 parte de la plantilla del Athletic durante 18 temporadas, todo un r\u00e9cord de longevidad en una porter\u00eda. Sin embargo, en la temporada 72-73 una grave enfermedad le apart\u00f3 de ella durante m\u00e1s de 90 d\u00edas. La desgracia tuvo en vilo a la afici\u00f3n zurigorri y, pr\u00e1cticamente, a todo Bilbao. A principios de enero de aquel a\u00f1o, Iribar empez\u00f3 a sentirse mal y a tener fiebre. En un primer momento le diagnosticaron amigdalitis cr\u00edptica. El \u201cTxopo\u201d descans\u00f3 durante unos d\u00edas y despu\u00e9s volvi\u00f3 a entrenar. Incluso se fue hasta Atenas a jugar un partido con la Selecci\u00f3n.<\/p>\n\n\n\n<p>A su vuelta, sin embargo, las cosas empezaron a torcerse. Iribar se encontraba cada vez peor y los m\u00e9dicos de Athletic decidieron ingresarle. Tras realizarle las pruebas pertinentes, estas revelaron que ten\u00eda fiebres tifoideas, una grave enfermedad que en 1922 hab\u00eda acabado con la vida de Rafael Moreno \u201cPichichi\u201d.<\/p>\n\n\n\n<div class=\"wp-block-image\"><figure class=\"aligncenter size-large is-resized\"><img loading=\"lazy\" decoding=\"async\" src=\"https:\/\/www.sanmiguel.com\/es\/wp-content\/uploads\/2021\/01\/Mask-Group.jpg\" alt=\"\" class=\"wp-image-997\" width=\"710\" height=\"268\" srcset=\"https:\/\/www.sanmiguel.com\/es\/wp-content\/uploads\/sites\/2\/2021\/01\/Mask-Group.jpg 710w, https:\/\/www.sanmiguel.com\/es\/wp-content\/uploads\/sites\/2\/2021\/01\/Mask-Group-300x113.jpg 300w\" sizes=\"auto, (max-width: 710px) 100vw, 710px\" \/><\/figure><\/div>\n\n\n\n<p class=\"blq-green\">Se dice que durante todo ese tiempo en Bilbao no cesaron las misas en su honor.<\/p>\n\n\n\n<h2 class=\"wp-block-heading\">Por si esto fuera poco, la enfermedad se complic\u00f3 a\u00fan m\u00e1s.<\/h2>\n\n\n\n<p>A principios de enero de aquel a\u00f1o, Iribar empez\u00f3 a sentirse mal y a tener fiebre. En un primer momento le diagnosticaron amigdalitis cr\u00edptica. El \u201cTxopo\u201d descans\u00f3 durante unos d\u00edas y despu\u00e9s volvi\u00f3 a entrenar. Incluso se fue hasta Atenas a jugar un partido con la Selecci\u00f3n.<\/p>\n\n\n\n<p>A su vuelta, sin embargo, las cosas empezaron a torcerse. Iribar se encontraba cada vez peor y los m\u00e9dicos de Athletic decidieron ingresarle. Tras realizarle las pruebas pertinentes, estas revelaron que ten\u00eda fiebres tifoideas, una grave enfermedad que en 1922 hab\u00eda acabado con la vida de Rafael Moreno \u201cPichichi\u201d.<\/p>\n","protected":false},"excerpt":{"rendered":"<p>Jos\u00e9 \u00c1ngel Iribar form\u00f3 parte de la plantilla del Athletic durante 18 temporadas. En la temporada 72-73 una grave enfermedad le apart\u00f3 de ella durante m\u00e1s de 90 d\u00edas.<\/p>\n","protected":false},"author":1,"featured_media":996,"comment_status":"open","ping_status":"open","sticky":false,"template":"","format":"standard","meta":{"_acf_changed":false,"inline_featured_image":false,"footnotes":""},"categories":[22],"tags":[19,18],"class_list":["post-995","post","type-post","status-publish","format-standard","has-post-thumbnail","hentry","category-historias-de-la-aficion","tag-ahtletic-de-bilbao","tag-futbol"],"acf":[],"yoast_head":"<!-- This site is optimized with the Yoast SEO plugin v27.4 - https:\/\/yoast.com\/product\/yoast-seo-wordpress\/ -->\n<title>La grave enfermedad de Iribar | Cervezas San Miguel | ES<\/title>\n<meta name=\"description\" content=\"Descubre la historia y superaci\u00f3n de Iribar ante una grave enfermedad. Conoce su valent\u00eda y determinaci\u00f3n para inspirarte en la vida.\" \/>\n<meta name=\"robots\" content=\"index, follow, max-snippet:-1, max-image-preview:large, max-video-preview:-1\" \/>\n<link rel=\"canonical\" href=\"https:\/\/www.sanmiguel.com\/es\/futbol\/athletic-club\/historias-de-la-aficion\/la-grave-enfermedad-de-iribar\/\" \/>\n<meta property=\"og:locale\" content=\"es_ES\" \/>\n<meta property=\"og:type\" content=\"article\" \/>\n<meta property=\"og:title\" content=\"La grave enfermedad de Iribar | Cervezas San Miguel | ES\" \/>\n<meta property=\"og:description\" content=\"Descubre la historia y superaci\u00f3n de Iribar ante una grave enfermedad. Conoce su valent\u00eda y determinaci\u00f3n para inspirarte en la vida.\" \/>\n<meta property=\"og:url\" content=\"https:\/\/www.sanmiguel.com\/es\/futbol\/athletic-club\/historias-de-la-aficion\/la-grave-enfermedad-de-iribar\/\" \/>\n<meta property=\"og:site_name\" content=\"Cervezas San Miguel | ES\" \/>\n<meta property=\"article:published_time\" content=\"2020-01-08T16:38:00+00:00\" \/>\n<meta property=\"article:modified_time\" content=\"2023-12-13T16:00:47+00:00\" \/>\n<meta property=\"og:image\" content=\"https:\/\/www.sanmiguel.com\/es\/wp-content\/uploads\/sites\/2\/2021\/01\/san-miguel-athletic-grave-enfermedad-iribar-11.jpg\" \/>\n\t<meta property=\"og:image:width\" content=\"1178\" \/>\n\t<meta property=\"og:image:height\" content=\"276\" \/>\n\t<meta property=\"og:image:type\" content=\"image\/jpeg\" \/>\n<meta name=\"author\" content=\"SanMiguel\" \/>\n<meta name=\"twitter:card\" content=\"summary_large_image\" \/>\n<meta name=\"twitter:label1\" content=\"Escrito por\" \/>\n\t<meta name=\"twitter:data1\" content=\"SanMiguel\" \/>\n\t<meta name=\"twitter:label2\" content=\"Tiempo de lectura\" \/>\n\t<meta name=\"twitter:data2\" content=\"2 minutos\" \/>\n<script type=\"application\/ld+json\" class=\"yoast-schema-graph\">{\"@context\":\"https:\\\/\\\/schema.org\",\"@graph\":[{\"@type\":\"Article\",\"@id\":\"https:\\\/\\\/www.sanmiguel.com\\\/es\\\/futbol\\\/athletic-club\\\/historias-de-la-aficion\\\/la-grave-enfermedad-de-iribar\\\/#article\",\"isPartOf\":{\"@id\":\"https:\\\/\\\/www.sanmiguel.com\\\/es\\\/futbol\\\/athletic-club\\\/historias-de-la-aficion\\\/la-grave-enfermedad-de-iribar\\\/\"},\"author\":{\"name\":\"SanMiguel\",\"@id\":\"https:\\\/\\\/www.sanmiguel.com\\\/es\\\/#\\\/schema\\\/person\\\/6816a963dfb61a7b5d1f61e4c94c9730\"},\"headline\":\"La grave enfermedad de Iribar\",\"datePublished\":\"2020-01-08T16:38:00+00:00\",\"dateModified\":\"2023-12-13T16:00:47+00:00\",\"mainEntityOfPage\":{\"@id\":\"https:\\\/\\\/www.sanmiguel.com\\\/es\\\/futbol\\\/athletic-club\\\/historias-de-la-aficion\\\/la-grave-enfermedad-de-iribar\\\/\"},\"wordCount\":297,\"commentCount\":0,\"publisher\":{\"@id\":\"https:\\\/\\\/www.sanmiguel.com\\\/es\\\/#organization\"},\"image\":{\"@id\":\"https:\\\/\\\/www.sanmiguel.com\\\/es\\\/futbol\\\/athletic-club\\\/historias-de-la-aficion\\\/la-grave-enfermedad-de-iribar\\\/#primaryimage\"},\"thumbnailUrl\":\"https:\\\/\\\/www.sanmiguel.com\\\/es\\\/wp-content\\\/uploads\\\/sites\\\/2\\\/2021\\\/01\\\/san-miguel-athletic-grave-enfermedad-iribar-11.jpg\",\"keywords\":[\"Ahtletic de Bilbao\",\"F\u00fatbol\"],\"articleSection\":[\"Historias de la afici\u00f3n\"],\"inLanguage\":\"es\",\"potentialAction\":[{\"@type\":\"CommentAction\",\"name\":\"Comment\",\"target\":[\"https:\\\/\\\/www.sanmiguel.com\\\/es\\\/futbol\\\/athletic-club\\\/historias-de-la-aficion\\\/la-grave-enfermedad-de-iribar\\\/#respond\"]}]},{\"@type\":\"WebPage\",\"@id\":\"https:\\\/\\\/www.sanmiguel.com\\\/es\\\/futbol\\\/athletic-club\\\/historias-de-la-aficion\\\/la-grave-enfermedad-de-iribar\\\/\",\"url\":\"https:\\\/\\\/www.sanmiguel.com\\\/es\\\/futbol\\\/athletic-club\\\/historias-de-la-aficion\\\/la-grave-enfermedad-de-iribar\\\/\",\"name\":\"La grave enfermedad de Iribar | Cervezas San Miguel | ES\",\"isPartOf\":{\"@id\":\"https:\\\/\\\/www.sanmiguel.com\\\/es\\\/#website\"},\"primaryImageOfPage\":{\"@id\":\"https:\\\/\\\/www.sanmiguel.com\\\/es\\\/futbol\\\/athletic-club\\\/historias-de-la-aficion\\\/la-grave-enfermedad-de-iribar\\\/#primaryimage\"},\"image\":{\"@id\":\"https:\\\/\\\/www.sanmiguel.com\\\/es\\\/futbol\\\/athletic-club\\\/historias-de-la-aficion\\\/la-grave-enfermedad-de-iribar\\\/#primaryimage\"},\"thumbnailUrl\":\"https:\\\/\\\/www.sanmiguel.com\\\/es\\\/wp-content\\\/uploads\\\/sites\\\/2\\\/2021\\\/01\\\/san-miguel-athletic-grave-enfermedad-iribar-11.jpg\",\"datePublished\":\"2020-01-08T16:38:00+00:00\",\"dateModified\":\"2023-12-13T16:00:47+00:00\",\"description\":\"Descubre la historia y superaci\u00f3n de Iribar ante una grave enfermedad. Conoce su valent\u00eda y determinaci\u00f3n para inspirarte en la vida.\",\"breadcrumb\":{\"@id\":\"https:\\\/\\\/www.sanmiguel.com\\\/es\\\/futbol\\\/athletic-club\\\/historias-de-la-aficion\\\/la-grave-enfermedad-de-iribar\\\/#breadcrumb\"},\"inLanguage\":\"es\",\"potentialAction\":[{\"@type\":\"ReadAction\",\"target\":[\"https:\\\/\\\/www.sanmiguel.com\\\/es\\\/futbol\\\/athletic-club\\\/historias-de-la-aficion\\\/la-grave-enfermedad-de-iribar\\\/\"]}]},{\"@type\":\"ImageObject\",\"inLanguage\":\"es\",\"@id\":\"https:\\\/\\\/www.sanmiguel.com\\\/es\\\/futbol\\\/athletic-club\\\/historias-de-la-aficion\\\/la-grave-enfermedad-de-iribar\\\/#primaryimage\",\"url\":\"https:\\\/\\\/www.sanmiguel.com\\\/es\\\/wp-content\\\/uploads\\\/sites\\\/2\\\/2021\\\/01\\\/san-miguel-athletic-grave-enfermedad-iribar-11.jpg\",\"contentUrl\":\"https:\\\/\\\/www.sanmiguel.com\\\/es\\\/wp-content\\\/uploads\\\/sites\\\/2\\\/2021\\\/01\\\/san-miguel-athletic-grave-enfermedad-iribar-11.jpg\",\"width\":1178,\"height\":276,\"caption\":\"san miguel athletic grave enfermedad iribar 11\"},{\"@type\":\"BreadcrumbList\",\"@id\":\"https:\\\/\\\/www.sanmiguel.com\\\/es\\\/futbol\\\/athletic-club\\\/historias-de-la-aficion\\\/la-grave-enfermedad-de-iribar\\\/#breadcrumb\",\"itemListElement\":[{\"@type\":\"ListItem\",\"position\":1,\"name\":\"Portada\",\"item\":\"https:\\\/\\\/www.sanmiguel.com\\\/es\\\/\"},{\"@type\":\"ListItem\",\"position\":2,\"name\":\"La grave enfermedad de Iribar\"}]},{\"@type\":\"WebSite\",\"@id\":\"https:\\\/\\\/www.sanmiguel.com\\\/es\\\/#website\",\"url\":\"https:\\\/\\\/www.sanmiguel.com\\\/es\\\/\",\"name\":\"Cervezas San Miguel | ES\",\"description\":\"Bienvenidos Cerveceros Inquietos\",\"publisher\":{\"@id\":\"https:\\\/\\\/www.sanmiguel.com\\\/es\\\/#organization\"},\"potentialAction\":[{\"@type\":\"SearchAction\",\"target\":{\"@type\":\"EntryPoint\",\"urlTemplate\":\"https:\\\/\\\/www.sanmiguel.com\\\/es\\\/?s={search_term_string}\"},\"query-input\":{\"@type\":\"PropertyValueSpecification\",\"valueRequired\":true,\"valueName\":\"search_term_string\"}}],\"inLanguage\":\"es\"},{\"@type\":\"Organization\",\"@id\":\"https:\\\/\\\/www.sanmiguel.com\\\/es\\\/#organization\",\"name\":\"Cervezas San Miguel\",\"url\":\"https:\\\/\\\/www.sanmiguel.com\\\/es\\\/\",\"logo\":{\"@type\":\"ImageObject\",\"inLanguage\":\"es\",\"@id\":\"https:\\\/\\\/www.sanmiguel.com\\\/es\\\/#\\\/schema\\\/logo\\\/image\\\/\",\"url\":\"https:\\\/\\\/www.sanmiguel.com\\\/es\\\/wp-content\\\/uploads\\\/sites\\\/2\\\/2022\\\/06\\\/cervezas-san-miguel-logo.jpg\",\"contentUrl\":\"https:\\\/\\\/www.sanmiguel.com\\\/es\\\/wp-content\\\/uploads\\\/sites\\\/2\\\/2022\\\/06\\\/cervezas-san-miguel-logo.jpg\",\"width\":400,\"height\":400,\"caption\":\"Cervezas San Miguel\"},\"image\":{\"@id\":\"https:\\\/\\\/www.sanmiguel.com\\\/es\\\/#\\\/schema\\\/logo\\\/image\\\/\"}},{\"@type\":\"Person\",\"@id\":\"https:\\\/\\\/www.sanmiguel.com\\\/es\\\/#\\\/schema\\\/person\\\/6816a963dfb61a7b5d1f61e4c94c9730\",\"name\":\"SanMiguel\",\"image\":{\"@type\":\"ImageObject\",\"inLanguage\":\"es\",\"@id\":\"https:\\\/\\\/secure.gravatar.com\\\/avatar\\\/cfe276f080e378fcabf3e365fdc7b077a5d0554ed5ba70f1c968131efa4f596a?s=96&d=mm&r=g\",\"url\":\"https:\\\/\\\/secure.gravatar.com\\\/avatar\\\/cfe276f080e378fcabf3e365fdc7b077a5d0554ed5ba70f1c968131efa4f596a?s=96&d=mm&r=g\",\"contentUrl\":\"https:\\\/\\\/secure.gravatar.com\\\/avatar\\\/cfe276f080e378fcabf3e365fdc7b077a5d0554ed5ba70f1c968131efa4f596a?s=96&d=mm&r=g\",\"caption\":\"SanMiguel\"}}]}<\/script>\n<!-- \/ Yoast SEO plugin. -->","yoast_head_json":{"title":"La grave enfermedad de Iribar | Cervezas San Miguel | ES","description":"Descubre la historia y superaci\u00f3n de Iribar ante una grave enfermedad. Conoce su valent\u00eda y determinaci\u00f3n para inspirarte en la vida.","robots":{"index":"index","follow":"follow","max-snippet":"max-snippet:-1","max-image-preview":"max-image-preview:large","max-video-preview":"max-video-preview:-1"},"canonical":"https:\/\/www.sanmiguel.com\/es\/futbol\/athletic-club\/historias-de-la-aficion\/la-grave-enfermedad-de-iribar\/","og_locale":"es_ES","og_type":"article","og_title":"La grave enfermedad de Iribar | Cervezas San Miguel | ES","og_description":"Descubre la historia y superaci\u00f3n de Iribar ante una grave enfermedad. Conoce su valent\u00eda y determinaci\u00f3n para inspirarte en la vida.","og_url":"https:\/\/www.sanmiguel.com\/es\/futbol\/athletic-club\/historias-de-la-aficion\/la-grave-enfermedad-de-iribar\/","og_site_name":"Cervezas San Miguel | ES","article_published_time":"2020-01-08T16:38:00+00:00","article_modified_time":"2023-12-13T16:00:47+00:00","og_image":[{"width":1178,"height":276,"url":"https:\/\/www.sanmiguel.com\/es\/wp-content\/uploads\/sites\/2\/2021\/01\/san-miguel-athletic-grave-enfermedad-iribar-11.jpg","type":"image\/jpeg"}],"author":"SanMiguel","twitter_card":"summary_large_image","twitter_misc":{"Escrito por":"SanMiguel","Tiempo de lectura":"2 minutos"},"schema":{"@context":"https:\/\/schema.org","@graph":[{"@type":"Article","@id":"https:\/\/www.sanmiguel.com\/es\/futbol\/athletic-club\/historias-de-la-aficion\/la-grave-enfermedad-de-iribar\/#article","isPartOf":{"@id":"https:\/\/www.sanmiguel.com\/es\/futbol\/athletic-club\/historias-de-la-aficion\/la-grave-enfermedad-de-iribar\/"},"author":{"name":"SanMiguel","@id":"https:\/\/www.sanmiguel.com\/es\/#\/schema\/person\/6816a963dfb61a7b5d1f61e4c94c9730"},"headline":"La grave enfermedad de Iribar","datePublished":"2020-01-08T16:38:00+00:00","dateModified":"2023-12-13T16:00:47+00:00","mainEntityOfPage":{"@id":"https:\/\/www.sanmiguel.com\/es\/futbol\/athletic-club\/historias-de-la-aficion\/la-grave-enfermedad-de-iribar\/"},"wordCount":297,"commentCount":0,"publisher":{"@id":"https:\/\/www.sanmiguel.com\/es\/#organization"},"image":{"@id":"https:\/\/www.sanmiguel.com\/es\/futbol\/athletic-club\/historias-de-la-aficion\/la-grave-enfermedad-de-iribar\/#primaryimage"},"thumbnailUrl":"https:\/\/www.sanmiguel.com\/es\/wp-content\/uploads\/sites\/2\/2021\/01\/san-miguel-athletic-grave-enfermedad-iribar-11.jpg","keywords":["Ahtletic de Bilbao","F\u00fatbol"],"articleSection":["Historias de la afici\u00f3n"],"inLanguage":"es","potentialAction":[{"@type":"CommentAction","name":"Comment","target":["https:\/\/www.sanmiguel.com\/es\/futbol\/athletic-club\/historias-de-la-aficion\/la-grave-enfermedad-de-iribar\/#respond"]}]},{"@type":"WebPage","@id":"https:\/\/www.sanmiguel.com\/es\/futbol\/athletic-club\/historias-de-la-aficion\/la-grave-enfermedad-de-iribar\/","url":"https:\/\/www.sanmiguel.com\/es\/futbol\/athletic-club\/historias-de-la-aficion\/la-grave-enfermedad-de-iribar\/","name":"La grave enfermedad de Iribar | Cervezas San Miguel | ES","isPartOf":{"@id":"https:\/\/www.sanmiguel.com\/es\/#website"},"primaryImageOfPage":{"@id":"https:\/\/www.sanmiguel.com\/es\/futbol\/athletic-club\/historias-de-la-aficion\/la-grave-enfermedad-de-iribar\/#primaryimage"},"image":{"@id":"https:\/\/www.sanmiguel.com\/es\/futbol\/athletic-club\/historias-de-la-aficion\/la-grave-enfermedad-de-iribar\/#primaryimage"},"thumbnailUrl":"https:\/\/www.sanmiguel.com\/es\/wp-content\/uploads\/sites\/2\/2021\/01\/san-miguel-athletic-grave-enfermedad-iribar-11.jpg","datePublished":"2020-01-08T16:38:00+00:00","dateModified":"2023-12-13T16:00:47+00:00","description":"Descubre la historia y superaci\u00f3n de Iribar ante una grave enfermedad. Conoce su valent\u00eda y determinaci\u00f3n para inspirarte en la vida.","breadcrumb":{"@id":"https:\/\/www.sanmiguel.com\/es\/futbol\/athletic-club\/historias-de-la-aficion\/la-grave-enfermedad-de-iribar\/#breadcrumb"},"inLanguage":"es","potentialAction":[{"@type":"ReadAction","target":["https:\/\/www.sanmiguel.com\/es\/futbol\/athletic-club\/historias-de-la-aficion\/la-grave-enfermedad-de-iribar\/"]}]},{"@type":"ImageObject","inLanguage":"es","@id":"https:\/\/www.sanmiguel.com\/es\/futbol\/athletic-club\/historias-de-la-aficion\/la-grave-enfermedad-de-iribar\/#primaryimage","url":"https:\/\/www.sanmiguel.com\/es\/wp-content\/uploads\/sites\/2\/2021\/01\/san-miguel-athletic-grave-enfermedad-iribar-11.jpg","contentUrl":"https:\/\/www.sanmiguel.com\/es\/wp-content\/uploads\/sites\/2\/2021\/01\/san-miguel-athletic-grave-enfermedad-iribar-11.jpg","width":1178,"height":276,"caption":"san miguel athletic grave enfermedad iribar 11"},{"@type":"BreadcrumbList","@id":"https:\/\/www.sanmiguel.com\/es\/futbol\/athletic-club\/historias-de-la-aficion\/la-grave-enfermedad-de-iribar\/#breadcrumb","itemListElement":[{"@type":"ListItem","position":1,"name":"Portada","item":"https:\/\/www.sanmiguel.com\/es\/"},{"@type":"ListItem","position":2,"name":"La grave enfermedad de Iribar"}]},{"@type":"WebSite","@id":"https:\/\/www.sanmiguel.com\/es\/#website","url":"https:\/\/www.sanmiguel.com\/es\/","name":"Cervezas San Miguel | ES","description":"Bienvenidos Cerveceros Inquietos","publisher":{"@id":"https:\/\/www.sanmiguel.com\/es\/#organization"},"potentialAction":[{"@type":"SearchAction","target":{"@type":"EntryPoint","urlTemplate":"https:\/\/www.sanmiguel.com\/es\/?s={search_term_string}"},"query-input":{"@type":"PropertyValueSpecification","valueRequired":true,"valueName":"search_term_string"}}],"inLanguage":"es"},{"@type":"Organization","@id":"https:\/\/www.sanmiguel.com\/es\/#organization","name":"Cervezas San Miguel","url":"https:\/\/www.sanmiguel.com\/es\/","logo":{"@type":"ImageObject","inLanguage":"es","@id":"https:\/\/www.sanmiguel.com\/es\/#\/schema\/logo\/image\/","url":"https:\/\/www.sanmiguel.com\/es\/wp-content\/uploads\/sites\/2\/2022\/06\/cervezas-san-miguel-logo.jpg","contentUrl":"https:\/\/www.sanmiguel.com\/es\/wp-content\/uploads\/sites\/2\/2022\/06\/cervezas-san-miguel-logo.jpg","width":400,"height":400,"caption":"Cervezas San Miguel"},"image":{"@id":"https:\/\/www.sanmiguel.com\/es\/#\/schema\/logo\/image\/"}},{"@type":"Person","@id":"https:\/\/www.sanmiguel.com\/es\/#\/schema\/person\/6816a963dfb61a7b5d1f61e4c94c9730","name":"SanMiguel","image":{"@type":"ImageObject","inLanguage":"es","@id":"https:\/\/secure.gravatar.com\/avatar\/cfe276f080e378fcabf3e365fdc7b077a5d0554ed5ba70f1c968131efa4f596a?s=96&d=mm&r=g","url":"https:\/\/secure.gravatar.com\/avatar\/cfe276f080e378fcabf3e365fdc7b077a5d0554ed5ba70f1c968131efa4f596a?s=96&d=mm&r=g","contentUrl":"https:\/\/secure.gravatar.com\/avatar\/cfe276f080e378fcabf3e365fdc7b077a5d0554ed5ba70f1c968131efa4f596a?s=96&d=mm&r=g","caption":"SanMiguel"}}]}},"_links":{"self":[{"href":"https:\/\/www.sanmiguel.com\/es\/wp-json\/wp\/v2\/posts\/995","targetHints":{"allow":["GET"]}}],"collection":[{"href":"https:\/\/www.sanmiguel.com\/es\/wp-json\/wp\/v2\/posts"}],"about":[{"href":"https:\/\/www.sanmiguel.com\/es\/wp-json\/wp\/v2\/types\/post"}],"author":[{"embeddable":true,"href":"https:\/\/www.sanmiguel.com\/es\/wp-json\/wp\/v2\/users\/1"}],"replies":[{"embeddable":true,"href":"https:\/\/www.sanmiguel.com\/es\/wp-json\/wp\/v2\/comments?post=995"}],"version-history":[{"count":1,"href":"https:\/\/www.sanmiguel.com\/es\/wp-json\/wp\/v2\/posts\/995\/revisions"}],"predecessor-version":[{"id":5932,"href":"https:\/\/www.sanmiguel.com\/es\/wp-json\/wp\/v2\/posts\/995\/revisions\/5932"}],"wp:featuredmedia":[{"embeddable":true,"href":"https:\/\/www.sanmiguel.com\/es\/wp-json\/wp\/v2\/media\/996"}],"wp:attachment":[{"href":"https:\/\/www.sanmiguel.com\/es\/wp-json\/wp\/v2\/media?parent=995"}],"wp:term":[{"taxonomy":"category","embeddable":true,"href":"https:\/\/www.sanmiguel.com\/es\/wp-json\/wp\/v2\/categories?post=995"},{"taxonomy":"post_tag","embeddable":true,"href":"https:\/\/www.sanmiguel.com\/es\/wp-json\/wp\/v2\/tags?post=995"}],"curies":[{"name":"wp","href":"https:\/\/api.w.org\/{rel}","templated":true}]}}