{"id":20117,"date":"2024-02-12T14:10:05","date_gmt":"2024-02-12T14:10:05","guid":{"rendered":"https:\/\/www.sanmiguel.com\/es\/?p=20117"},"modified":"2025-12-22T07:16:22","modified_gmt":"2025-12-22T07:16:22","slug":"juan-davila","status":"publish","type":"post","link":"https:\/\/www.sanmiguel.com\/es\/ocio\/nieve\/yetis\/temporada-3\/juan-davila\/","title":{"rendered":"Juan D\u00e1vila"},"content":{"rendered":"\n  <div class=\"video-full-width\" style=\"\">\n        <div class=\"video-content\" style=\"background-image:url(https:\/\/www.sanmiguel.com\/es\/wp-content\/uploads\/sites\/2\/2024\/02\/juan-davila.jpg)\">\n              <div class=\"info_video_cat ddd\">\n                                <a href=\"\/es\/ocio\/nieve\/yetis\/\" title=\"Volver\">VOLVER<\/a>\n                    <p>Yetis<\/p>\n        <\/div>\n            <img decoding=\"async\" class=\"play_video js-play-video playcenter\" src=\"\/es\/wp-content\/themes\/sm2020\/assets\/images\/btnplay.png\" alt=\"Play\"\/>\n      <div\n        class=\"info_video\">\n                          <h1 class=\"title_video\">C\u00f3mico<\/h1>\n                          <p class=\"text_video\">Juan D\u00e1vila<\/p>\n                          <img decoding=\"async\" class=\"play_video js-play-video\" src=\"\/es\/wp-content\/themes\/sm2020\/assets\/images\/btnplay.png\" alt=\"Play\"\/>\n              <\/div>\n              <div class=\"plyr__video-embed\">\n                    <iframe src=\"https:\/\/www.youtube.com\/embed\/RS27uHn6NuQ?origin=https:\/\/plyr.io&amp;iv_load_policy=3&amp;modestbranding=1&amp;playsinline=1&amp;showinfo=0&amp;rel=0&amp;enablejsapi=1\" allowfullscreen allowtransparency allow=\"autoplay\"><\/iframe>\n        <\/div>\n          <\/div>\n  <\/div>\n","protected":false},"excerpt":{"rendered":"<p>C\u00f3mico<\/p>\n","protected":false},"author":1,"featured_media":20118,"comment_status":"closed","ping_status":"open","sticky":false,"template":"","format":"standard","meta":{"_acf_changed":false,"inline_featured_image":false,"footnotes":""},"categories":[83,69],"tags":[],"class_list":["post-20117","post","type-post","status-publish","format-standard","has-post-thumbnail","hentry","category-temporada-3","category-yetis"],"acf":[],"yoast_head":"<!-- This site is optimized with the Yoast SEO plugin v27.4 - https:\/\/yoast.com\/product\/yoast-seo-wordpress\/ -->\n<title>Juan D\u00e1vila | Cervezas San Miguel | ES<\/title>\n<meta name=\"description\" content=\"En este programa de la tercera temporada de Los Yetis nos acercamos para conocer m\u00e1s en profundidad al c\u00f3mico Juan D\u00e1vila.\" \/>\n<meta name=\"robots\" content=\"index, follow, max-snippet:-1, max-image-preview:large, max-video-preview:-1\" \/>\n<link rel=\"canonical\" href=\"https:\/\/www.sanmiguel.com\/es\/ocio\/nieve\/yetis\/temporada-3\/juan-davila\/\" \/>\n<meta property=\"og:locale\" content=\"es_ES\" \/>\n<meta property=\"og:type\" content=\"article\" \/>\n<meta property=\"og:title\" content=\"Juan D\u00e1vila | Cervezas San Miguel | ES\" \/>\n<meta property=\"og:description\" content=\"En este programa de la tercera temporada de Los Yetis nos acercamos para conocer m\u00e1s en profundidad al c\u00f3mico Juan D\u00e1vila.\" \/>\n<meta property=\"og:url\" content=\"https:\/\/www.sanmiguel.com\/es\/ocio\/nieve\/yetis\/temporada-3\/juan-davila\/\" \/>\n<meta property=\"og:site_name\" content=\"Cervezas San Miguel | ES\" \/>\n<meta property=\"article:published_time\" content=\"2024-02-12T14:10:05+00:00\" \/>\n<meta property=\"article:modified_time\" content=\"2025-12-22T07:16:22+00:00\" \/>\n<meta property=\"og:image\" content=\"https:\/\/www.sanmiguel.com\/es\/wp-content\/uploads\/sites\/2\/2024\/02\/juan-davila.jpg\" \/>\n\t<meta property=\"og:image:width\" content=\"417\" \/>\n\t<meta property=\"og:image:height\" content=\"231\" \/>\n\t<meta property=\"og:image:type\" content=\"image\/jpeg\" \/>\n<meta name=\"author\" content=\"SanMiguel\" \/>\n<meta name=\"twitter:card\" content=\"summary_large_image\" \/>\n<meta name=\"twitter:label1\" content=\"Escrito por\" \/>\n\t<meta name=\"twitter:data1\" content=\"SanMiguel\" \/>\n<script type=\"application\/ld+json\" class=\"yoast-schema-graph\">{\"@context\":\"https:\\\/\\\/schema.org\",\"@graph\":[{\"@type\":\"Article\",\"@id\":\"https:\\\/\\\/www.sanmiguel.com\\\/es\\\/ocio\\\/nieve\\\/yetis\\\/temporada-3\\\/juan-davila\\\/#article\",\"isPartOf\":{\"@id\":\"https:\\\/\\\/www.sanmiguel.com\\\/es\\\/ocio\\\/nieve\\\/yetis\\\/temporada-3\\\/juan-davila\\\/\"},\"author\":{\"name\":\"SanMiguel\",\"@id\":\"https:\\\/\\\/www.sanmiguel.com\\\/es\\\/#\\\/schema\\\/person\\\/6816a963dfb61a7b5d1f61e4c94c9730\"},\"headline\":\"Juan D\u00e1vila\",\"datePublished\":\"2024-02-12T14:10:05+00:00\",\"dateModified\":\"2025-12-22T07:16:22+00:00\",\"mainEntityOfPage\":{\"@id\":\"https:\\\/\\\/www.sanmiguel.com\\\/es\\\/ocio\\\/nieve\\\/yetis\\\/temporada-3\\\/juan-davila\\\/\"},\"wordCount\":3,\"publisher\":{\"@id\":\"https:\\\/\\\/www.sanmiguel.com\\\/es\\\/#organization\"},\"image\":{\"@id\":\"https:\\\/\\\/www.sanmiguel.com\\\/es\\\/ocio\\\/nieve\\\/yetis\\\/temporada-3\\\/juan-davila\\\/#primaryimage\"},\"thumbnailUrl\":\"https:\\\/\\\/www.sanmiguel.com\\\/es\\\/wp-content\\\/uploads\\\/sites\\\/2\\\/2024\\\/02\\\/juan-davila.jpg\",\"articleSection\":[\"Temporada 3\",\"Yetis\"],\"inLanguage\":\"es\"},{\"@type\":\"WebPage\",\"@id\":\"https:\\\/\\\/www.sanmiguel.com\\\/es\\\/ocio\\\/nieve\\\/yetis\\\/temporada-3\\\/juan-davila\\\/\",\"url\":\"https:\\\/\\\/www.sanmiguel.com\\\/es\\\/ocio\\\/nieve\\\/yetis\\\/temporada-3\\\/juan-davila\\\/\",\"name\":\"Juan D\u00e1vila | Cervezas San Miguel | ES\",\"isPartOf\":{\"@id\":\"https:\\\/\\\/www.sanmiguel.com\\\/es\\\/#website\"},\"primaryImageOfPage\":{\"@id\":\"https:\\\/\\\/www.sanmiguel.com\\\/es\\\/ocio\\\/nieve\\\/yetis\\\/temporada-3\\\/juan-davila\\\/#primaryimage\"},\"image\":{\"@id\":\"https:\\\/\\\/www.sanmiguel.com\\\/es\\\/ocio\\\/nieve\\\/yetis\\\/temporada-3\\\/juan-davila\\\/#primaryimage\"},\"thumbnailUrl\":\"https:\\\/\\\/www.sanmiguel.com\\\/es\\\/wp-content\\\/uploads\\\/sites\\\/2\\\/2024\\\/02\\\/juan-davila.jpg\",\"datePublished\":\"2024-02-12T14:10:05+00:00\",\"dateModified\":\"2025-12-22T07:16:22+00:00\",\"description\":\"En este programa de la tercera temporada de Los Yetis nos acercamos para conocer m\u00e1s en profundidad al c\u00f3mico Juan D\u00e1vila.\",\"breadcrumb\":{\"@id\":\"https:\\\/\\\/www.sanmiguel.com\\\/es\\\/ocio\\\/nieve\\\/yetis\\\/temporada-3\\\/juan-davila\\\/#breadcrumb\"},\"inLanguage\":\"es\",\"potentialAction\":[{\"@type\":\"ReadAction\",\"target\":[\"https:\\\/\\\/www.sanmiguel.com\\\/es\\\/ocio\\\/nieve\\\/yetis\\\/temporada-3\\\/juan-davila\\\/\"]}]},{\"@type\":\"ImageObject\",\"inLanguage\":\"es\",\"@id\":\"https:\\\/\\\/www.sanmiguel.com\\\/es\\\/ocio\\\/nieve\\\/yetis\\\/temporada-3\\\/juan-davila\\\/#primaryimage\",\"url\":\"https:\\\/\\\/www.sanmiguel.com\\\/es\\\/wp-content\\\/uploads\\\/sites\\\/2\\\/2024\\\/02\\\/juan-davila.jpg\",\"contentUrl\":\"https:\\\/\\\/www.sanmiguel.com\\\/es\\\/wp-content\\\/uploads\\\/sites\\\/2\\\/2024\\\/02\\\/juan-davila.jpg\",\"width\":417,\"height\":231},{\"@type\":\"BreadcrumbList\",\"@id\":\"https:\\\/\\\/www.sanmiguel.com\\\/es\\\/ocio\\\/nieve\\\/yetis\\\/temporada-3\\\/juan-davila\\\/#breadcrumb\",\"itemListElement\":[{\"@type\":\"ListItem\",\"position\":1,\"name\":\"Portada\",\"item\":\"https:\\\/\\\/www.sanmiguel.com\\\/es\\\/\"},{\"@type\":\"ListItem\",\"position\":2,\"name\":\"Juan D\u00e1vila\"}]},{\"@type\":\"WebSite\",\"@id\":\"https:\\\/\\\/www.sanmiguel.com\\\/es\\\/#website\",\"url\":\"https:\\\/\\\/www.sanmiguel.com\\\/es\\\/\",\"name\":\"Cervezas San Miguel | ES\",\"description\":\"Bienvenidos Cerveceros Inquietos\",\"publisher\":{\"@id\":\"https:\\\/\\\/www.sanmiguel.com\\\/es\\\/#organization\"},\"potentialAction\":[{\"@type\":\"SearchAction\",\"target\":{\"@type\":\"EntryPoint\",\"urlTemplate\":\"https:\\\/\\\/www.sanmiguel.com\\\/es\\\/?s={search_term_string}\"},\"query-input\":{\"@type\":\"PropertyValueSpecification\",\"valueRequired\":true,\"valueName\":\"search_term_string\"}}],\"inLanguage\":\"es\"},{\"@type\":\"Organization\",\"@id\":\"https:\\\/\\\/www.sanmiguel.com\\\/es\\\/#organization\",\"name\":\"Cervezas San Miguel\",\"url\":\"https:\\\/\\\/www.sanmiguel.com\\\/es\\\/\",\"logo\":{\"@type\":\"ImageObject\",\"inLanguage\":\"es\",\"@id\":\"https:\\\/\\\/www.sanmiguel.com\\\/es\\\/#\\\/schema\\\/logo\\\/image\\\/\",\"url\":\"https:\\\/\\\/www.sanmiguel.com\\\/es\\\/wp-content\\\/uploads\\\/sites\\\/2\\\/2022\\\/06\\\/cervezas-san-miguel-logo.jpg\",\"contentUrl\":\"https:\\\/\\\/www.sanmiguel.com\\\/es\\\/wp-content\\\/uploads\\\/sites\\\/2\\\/2022\\\/06\\\/cervezas-san-miguel-logo.jpg\",\"width\":400,\"height\":400,\"caption\":\"Cervezas San Miguel\"},\"image\":{\"@id\":\"https:\\\/\\\/www.sanmiguel.com\\\/es\\\/#\\\/schema\\\/logo\\\/image\\\/\"}},{\"@type\":\"Person\",\"@id\":\"https:\\\/\\\/www.sanmiguel.com\\\/es\\\/#\\\/schema\\\/person\\\/6816a963dfb61a7b5d1f61e4c94c9730\",\"name\":\"SanMiguel\",\"image\":{\"@type\":\"ImageObject\",\"inLanguage\":\"es\",\"@id\":\"https:\\\/\\\/secure.gravatar.com\\\/avatar\\\/cfe276f080e378fcabf3e365fdc7b077a5d0554ed5ba70f1c968131efa4f596a?s=96&d=mm&r=g\",\"url\":\"https:\\\/\\\/secure.gravatar.com\\\/avatar\\\/cfe276f080e378fcabf3e365fdc7b077a5d0554ed5ba70f1c968131efa4f596a?s=96&d=mm&r=g\",\"contentUrl\":\"https:\\\/\\\/secure.gravatar.com\\\/avatar\\\/cfe276f080e378fcabf3e365fdc7b077a5d0554ed5ba70f1c968131efa4f596a?s=96&d=mm&r=g\",\"caption\":\"SanMiguel\"}}]}<\/script>\n<!-- \/ Yoast SEO plugin. -->","yoast_head_json":{"title":"Juan D\u00e1vila | Cervezas San Miguel | ES","description":"En este programa de la tercera temporada de Los Yetis nos acercamos para conocer m\u00e1s en profundidad al c\u00f3mico Juan D\u00e1vila.","robots":{"index":"index","follow":"follow","max-snippet":"max-snippet:-1","max-image-preview":"max-image-preview:large","max-video-preview":"max-video-preview:-1"},"canonical":"https:\/\/www.sanmiguel.com\/es\/ocio\/nieve\/yetis\/temporada-3\/juan-davila\/","og_locale":"es_ES","og_type":"article","og_title":"Juan D\u00e1vila | Cervezas San Miguel | ES","og_description":"En este programa de la tercera temporada de Los Yetis nos acercamos para conocer m\u00e1s en profundidad al c\u00f3mico Juan D\u00e1vila.","og_url":"https:\/\/www.sanmiguel.com\/es\/ocio\/nieve\/yetis\/temporada-3\/juan-davila\/","og_site_name":"Cervezas San Miguel | ES","article_published_time":"2024-02-12T14:10:05+00:00","article_modified_time":"2025-12-22T07:16:22+00:00","og_image":[{"width":417,"height":231,"url":"https:\/\/www.sanmiguel.com\/es\/wp-content\/uploads\/sites\/2\/2024\/02\/juan-davila.jpg","type":"image\/jpeg"}],"author":"SanMiguel","twitter_card":"summary_large_image","twitter_misc":{"Escrito por":"SanMiguel"},"schema":{"@context":"https:\/\/schema.org","@graph":[{"@type":"Article","@id":"https:\/\/www.sanmiguel.com\/es\/ocio\/nieve\/yetis\/temporada-3\/juan-davila\/#article","isPartOf":{"@id":"https:\/\/www.sanmiguel.com\/es\/ocio\/nieve\/yetis\/temporada-3\/juan-davila\/"},"author":{"name":"SanMiguel","@id":"https:\/\/www.sanmiguel.com\/es\/#\/schema\/person\/6816a963dfb61a7b5d1f61e4c94c9730"},"headline":"Juan D\u00e1vila","datePublished":"2024-02-12T14:10:05+00:00","dateModified":"2025-12-22T07:16:22+00:00","mainEntityOfPage":{"@id":"https:\/\/www.sanmiguel.com\/es\/ocio\/nieve\/yetis\/temporada-3\/juan-davila\/"},"wordCount":3,"publisher":{"@id":"https:\/\/www.sanmiguel.com\/es\/#organization"},"image":{"@id":"https:\/\/www.sanmiguel.com\/es\/ocio\/nieve\/yetis\/temporada-3\/juan-davila\/#primaryimage"},"thumbnailUrl":"https:\/\/www.sanmiguel.com\/es\/wp-content\/uploads\/sites\/2\/2024\/02\/juan-davila.jpg","articleSection":["Temporada 3","Yetis"],"inLanguage":"es"},{"@type":"WebPage","@id":"https:\/\/www.sanmiguel.com\/es\/ocio\/nieve\/yetis\/temporada-3\/juan-davila\/","url":"https:\/\/www.sanmiguel.com\/es\/ocio\/nieve\/yetis\/temporada-3\/juan-davila\/","name":"Juan D\u00e1vila | Cervezas San Miguel | ES","isPartOf":{"@id":"https:\/\/www.sanmiguel.com\/es\/#website"},"primaryImageOfPage":{"@id":"https:\/\/www.sanmiguel.com\/es\/ocio\/nieve\/yetis\/temporada-3\/juan-davila\/#primaryimage"},"image":{"@id":"https:\/\/www.sanmiguel.com\/es\/ocio\/nieve\/yetis\/temporada-3\/juan-davila\/#primaryimage"},"thumbnailUrl":"https:\/\/www.sanmiguel.com\/es\/wp-content\/uploads\/sites\/2\/2024\/02\/juan-davila.jpg","datePublished":"2024-02-12T14:10:05+00:00","dateModified":"2025-12-22T07:16:22+00:00","description":"En este programa de la tercera temporada de Los Yetis nos acercamos para conocer m\u00e1s en profundidad al c\u00f3mico Juan D\u00e1vila.","breadcrumb":{"@id":"https:\/\/www.sanmiguel.com\/es\/ocio\/nieve\/yetis\/temporada-3\/juan-davila\/#breadcrumb"},"inLanguage":"es","potentialAction":[{"@type":"ReadAction","target":["https:\/\/www.sanmiguel.com\/es\/ocio\/nieve\/yetis\/temporada-3\/juan-davila\/"]}]},{"@type":"ImageObject","inLanguage":"es","@id":"https:\/\/www.sanmiguel.com\/es\/ocio\/nieve\/yetis\/temporada-3\/juan-davila\/#primaryimage","url":"https:\/\/www.sanmiguel.com\/es\/wp-content\/uploads\/sites\/2\/2024\/02\/juan-davila.jpg","contentUrl":"https:\/\/www.sanmiguel.com\/es\/wp-content\/uploads\/sites\/2\/2024\/02\/juan-davila.jpg","width":417,"height":231},{"@type":"BreadcrumbList","@id":"https:\/\/www.sanmiguel.com\/es\/ocio\/nieve\/yetis\/temporada-3\/juan-davila\/#breadcrumb","itemListElement":[{"@type":"ListItem","position":1,"name":"Portada","item":"https:\/\/www.sanmiguel.com\/es\/"},{"@type":"ListItem","position":2,"name":"Juan D\u00e1vila"}]},{"@type":"WebSite","@id":"https:\/\/www.sanmiguel.com\/es\/#website","url":"https:\/\/www.sanmiguel.com\/es\/","name":"Cervezas San Miguel | ES","description":"Bienvenidos Cerveceros Inquietos","publisher":{"@id":"https:\/\/www.sanmiguel.com\/es\/#organization"},"potentialAction":[{"@type":"SearchAction","target":{"@type":"EntryPoint","urlTemplate":"https:\/\/www.sanmiguel.com\/es\/?s={search_term_string}"},"query-input":{"@type":"PropertyValueSpecification","valueRequired":true,"valueName":"search_term_string"}}],"inLanguage":"es"},{"@type":"Organization","@id":"https:\/\/www.sanmiguel.com\/es\/#organization","name":"Cervezas San Miguel","url":"https:\/\/www.sanmiguel.com\/es\/","logo":{"@type":"ImageObject","inLanguage":"es","@id":"https:\/\/www.sanmiguel.com\/es\/#\/schema\/logo\/image\/","url":"https:\/\/www.sanmiguel.com\/es\/wp-content\/uploads\/sites\/2\/2022\/06\/cervezas-san-miguel-logo.jpg","contentUrl":"https:\/\/www.sanmiguel.com\/es\/wp-content\/uploads\/sites\/2\/2022\/06\/cervezas-san-miguel-logo.jpg","width":400,"height":400,"caption":"Cervezas San Miguel"},"image":{"@id":"https:\/\/www.sanmiguel.com\/es\/#\/schema\/logo\/image\/"}},{"@type":"Person","@id":"https:\/\/www.sanmiguel.com\/es\/#\/schema\/person\/6816a963dfb61a7b5d1f61e4c94c9730","name":"SanMiguel","image":{"@type":"ImageObject","inLanguage":"es","@id":"https:\/\/secure.gravatar.com\/avatar\/cfe276f080e378fcabf3e365fdc7b077a5d0554ed5ba70f1c968131efa4f596a?s=96&d=mm&r=g","url":"https:\/\/secure.gravatar.com\/avatar\/cfe276f080e378fcabf3e365fdc7b077a5d0554ed5ba70f1c968131efa4f596a?s=96&d=mm&r=g","contentUrl":"https:\/\/secure.gravatar.com\/avatar\/cfe276f080e378fcabf3e365fdc7b077a5d0554ed5ba70f1c968131efa4f596a?s=96&d=mm&r=g","caption":"SanMiguel"}}]}},"_links":{"self":[{"href":"https:\/\/www.sanmiguel.com\/es\/wp-json\/wp\/v2\/posts\/20117","targetHints":{"allow":["GET"]}}],"collection":[{"href":"https:\/\/www.sanmiguel.com\/es\/wp-json\/wp\/v2\/posts"}],"about":[{"href":"https:\/\/www.sanmiguel.com\/es\/wp-json\/wp\/v2\/types\/post"}],"author":[{"embeddable":true,"href":"https:\/\/www.sanmiguel.com\/es\/wp-json\/wp\/v2\/users\/1"}],"replies":[{"embeddable":true,"href":"https:\/\/www.sanmiguel.com\/es\/wp-json\/wp\/v2\/comments?post=20117"}],"version-history":[{"count":17,"href":"https:\/\/www.sanmiguel.com\/es\/wp-json\/wp\/v2\/posts\/20117\/revisions"}],"predecessor-version":[{"id":24183,"href":"https:\/\/www.sanmiguel.com\/es\/wp-json\/wp\/v2\/posts\/20117\/revisions\/24183"}],"wp:featuredmedia":[{"embeddable":true,"href":"https:\/\/www.sanmiguel.com\/es\/wp-json\/wp\/v2\/media\/20118"}],"wp:attachment":[{"href":"https:\/\/www.sanmiguel.com\/es\/wp-json\/wp\/v2\/media?parent=20117"}],"wp:term":[{"taxonomy":"category","embeddable":true,"href":"https:\/\/www.sanmiguel.com\/es\/wp-json\/wp\/v2\/categories?post=20117"},{"taxonomy":"post_tag","embeddable":true,"href":"https:\/\/www.sanmiguel.com\/es\/wp-json\/wp\/v2\/tags?post=20117"}],"curies":[{"name":"wp","href":"https:\/\/api.w.org\/{rel}","templated":true}]}}