{"id":1966,"date":"2018-10-31T17:49:00","date_gmt":"2018-10-31T17:49:00","guid":{"rendered":"http:\/\/www.sanmiguel.com\/es\/?p=1966"},"modified":"2023-12-13T08:14:15","modified_gmt":"2023-12-13T08:14:15","slug":"la-unica-expulsion-de-telmo-zarra-fue-por-culpa-de-una-broma","status":"publish","type":"post","link":"https:\/\/www.sanmiguel.com\/es\/futbol\/athletic-club\/historias-de-la-aficion\/la-unica-expulsion-de-telmo-zarra-fue-por-culpa-de-una-broma\/","title":{"rendered":"La \u00fanica expulsi\u00f3n de Telmo Zarra fue por culpa de una broma"},"content":{"rendered":"\n<p>Sin lugar a dudas, Telmo Zarra es el delantero centro m\u00e1s importante de la historia del Athletic Club. M\u00e1ximo goleador de la Liga en seis ocasiones, sus n\u00fameros est\u00e1n al alcance de muy pocos: 251 dianas en 277 partidos, a los que hay que sumar los goles en competici\u00f3n europea y los 83 que marc\u00f3 en el torneo del KO, cifra que todav\u00eda nadie ha superado.<\/p>\n\n\n\n<p>Sin embargo, m\u00e1s all\u00e1 de sus gestas deportivas, si hay algo que todav\u00eda enorgullece m\u00e1s a los athleticzales es su nobleza. As\u00ed, son varias las an\u00e9cdotas de su vida que hacen patente su deportividad. En un partido contra el M\u00e1laga, por ejemplo, estando solo contra el portero, Zarra decidi\u00f3 tirar el bal\u00f3n fuera al comprobar que un defensa estaba lesionado. Repiti\u00f3 la escena a\u00f1os m\u00e1s tarde en Riazor cuando el deportivista Enrique Ponte cay\u00f3 al suelo tras chocar fuertemente con \u00e9l. Ambos gestos le valieron sendos reconocimientos de sus equipos rivales.<\/p>\n\n\n\n<p>Por ello, sorprende que un jugador de su talante fuera expulsado en una ocasi\u00f3n, como as\u00ed ocurri\u00f3 en la final de Copa de 1945 contra el Valencia. Aunque por suerte el Athletic terminar\u00eda llev\u00e1ndose el t\u00edtulo, ese hecho supuso un gran disgusto para Zarra. M\u00e1s si cabe porque se hab\u00eda producido por culpa de un malentendido. \u201cEl juego estaba parado tras un barullo. \u00c1lvaro estaba en el suelo y un compa\u00f1ero me dijo en broma que lo pisase. Siguiendo la broma, yo hice adem\u00e1n de hacerlo. Pero Escart\u00edn (el \u00e1rbitro) me vio y\u2026 a la caseta, explicaba el jugador posteriormente.<\/p>\n\n\n\n<p>Una aut\u00e9ntica pena que uno de los \u00fanicos puntos negros en la carrera deportiva del grand\u00edsimo Telmo Zarra se produjera por culpa de una broma mal entendida.<\/p>\n\n\n\n<div class=\"wp-block-image\"><figure class=\"aligncenter size-large\"><img loading=\"lazy\" decoding=\"async\" width=\"900\" height=\"600\" src=\"https:\/\/www.sanmiguel.com\/es\/wp-content\/uploads\/2021\/01\/san-miguel-athletic-expulsion-telmo-zarra.jpg\" alt=\"\" class=\"wp-image-1997\" srcset=\"https:\/\/www.sanmiguel.com\/es\/wp-content\/uploads\/sites\/2\/2021\/01\/san-miguel-athletic-expulsion-telmo-zarra.jpg 900w, https:\/\/www.sanmiguel.com\/es\/wp-content\/uploads\/sites\/2\/2021\/01\/san-miguel-athletic-expulsion-telmo-zarra-300x200.jpg 300w, https:\/\/www.sanmiguel.com\/es\/wp-content\/uploads\/sites\/2\/2021\/01\/san-miguel-athletic-expulsion-telmo-zarra-768x512.jpg 768w\" sizes=\"auto, (max-width: 900px) 100vw, 900px\" \/><\/figure><\/div>\n","protected":false},"excerpt":{"rendered":"<p>Sin lugar a dudas, Telmo Zarra es el delantero centro m\u00e1s importante de la historia del Athletic Club.<\/p>\n","protected":false},"author":1,"featured_media":1997,"comment_status":"open","ping_status":"open","sticky":false,"template":"","format":"standard","meta":{"_acf_changed":false,"inline_featured_image":false,"footnotes":""},"categories":[22],"tags":[],"class_list":["post-1966","post","type-post","status-publish","format-standard","has-post-thumbnail","hentry","category-historias-de-la-aficion"],"acf":[],"yoast_head":"<!-- This site is optimized with the Yoast SEO plugin v27.4 - https:\/\/yoast.com\/product\/yoast-seo-wordpress\/ -->\n<title>La expulsi\u00f3n de Telmo Zarra | Cervezas San Miguel | ES<\/title>\n<meta name=\"description\" content=\"La expulsi\u00f3n de Telmo Zarra fue por culpa de una broma. Sin lugar a dudas, Telmo Zarra es el delantero m\u00e1s importante de la historia del Athletic.\" \/>\n<meta name=\"robots\" content=\"index, follow, max-snippet:-1, max-image-preview:large, max-video-preview:-1\" \/>\n<link rel=\"canonical\" href=\"https:\/\/www.sanmiguel.com\/es\/futbol\/athletic-club\/historias-de-la-aficion\/la-unica-expulsion-de-telmo-zarra-fue-por-culpa-de-una-broma\/\" \/>\n<meta property=\"og:locale\" content=\"es_ES\" \/>\n<meta property=\"og:type\" content=\"article\" \/>\n<meta property=\"og:title\" content=\"La expulsi\u00f3n de Telmo Zarra | Cervezas San Miguel | ES\" \/>\n<meta property=\"og:description\" content=\"La expulsi\u00f3n de Telmo Zarra fue por culpa de una broma. Sin lugar a dudas, Telmo Zarra es el delantero m\u00e1s importante de la historia del Athletic.\" \/>\n<meta property=\"og:url\" content=\"https:\/\/www.sanmiguel.com\/es\/futbol\/athletic-club\/historias-de-la-aficion\/la-unica-expulsion-de-telmo-zarra-fue-por-culpa-de-una-broma\/\" \/>\n<meta property=\"og:site_name\" content=\"Cervezas San Miguel | ES\" \/>\n<meta property=\"article:published_time\" content=\"2018-10-31T17:49:00+00:00\" \/>\n<meta property=\"article:modified_time\" content=\"2023-12-13T08:14:15+00:00\" \/>\n<meta property=\"og:image\" content=\"https:\/\/www.sanmiguel.com\/es\/wp-content\/uploads\/sites\/2\/2021\/01\/san-miguel-athletic-expulsion-telmo-zarra.jpg\" \/>\n\t<meta property=\"og:image:width\" content=\"900\" \/>\n\t<meta property=\"og:image:height\" content=\"600\" \/>\n\t<meta property=\"og:image:type\" content=\"image\/jpeg\" \/>\n<meta name=\"author\" content=\"SanMiguel\" \/>\n<meta name=\"twitter:card\" content=\"summary_large_image\" \/>\n<meta name=\"twitter:label1\" content=\"Escrito por\" \/>\n\t<meta name=\"twitter:data1\" content=\"SanMiguel\" \/>\n\t<meta name=\"twitter:label2\" content=\"Tiempo de lectura\" \/>\n\t<meta name=\"twitter:data2\" content=\"2 minutos\" \/>\n<script type=\"application\/ld+json\" class=\"yoast-schema-graph\">{\"@context\":\"https:\\\/\\\/schema.org\",\"@graph\":[{\"@type\":\"Article\",\"@id\":\"https:\\\/\\\/www.sanmiguel.com\\\/es\\\/futbol\\\/athletic-club\\\/historias-de-la-aficion\\\/la-unica-expulsion-de-telmo-zarra-fue-por-culpa-de-una-broma\\\/#article\",\"isPartOf\":{\"@id\":\"https:\\\/\\\/www.sanmiguel.com\\\/es\\\/futbol\\\/athletic-club\\\/historias-de-la-aficion\\\/la-unica-expulsion-de-telmo-zarra-fue-por-culpa-de-una-broma\\\/\"},\"author\":{\"name\":\"SanMiguel\",\"@id\":\"https:\\\/\\\/www.sanmiguel.com\\\/es\\\/#\\\/schema\\\/person\\\/6816a963dfb61a7b5d1f61e4c94c9730\"},\"headline\":\"La \u00fanica expulsi\u00f3n de Telmo Zarra fue por culpa de una broma\",\"datePublished\":\"2018-10-31T17:49:00+00:00\",\"dateModified\":\"2023-12-13T08:14:15+00:00\",\"mainEntityOfPage\":{\"@id\":\"https:\\\/\\\/www.sanmiguel.com\\\/es\\\/futbol\\\/athletic-club\\\/historias-de-la-aficion\\\/la-unica-expulsion-de-telmo-zarra-fue-por-culpa-de-una-broma\\\/\"},\"wordCount\":318,\"commentCount\":0,\"publisher\":{\"@id\":\"https:\\\/\\\/www.sanmiguel.com\\\/es\\\/#organization\"},\"image\":{\"@id\":\"https:\\\/\\\/www.sanmiguel.com\\\/es\\\/futbol\\\/athletic-club\\\/historias-de-la-aficion\\\/la-unica-expulsion-de-telmo-zarra-fue-por-culpa-de-una-broma\\\/#primaryimage\"},\"thumbnailUrl\":\"https:\\\/\\\/www.sanmiguel.com\\\/es\\\/wp-content\\\/uploads\\\/sites\\\/2\\\/2021\\\/01\\\/san-miguel-athletic-expulsion-telmo-zarra.jpg\",\"articleSection\":[\"Historias de la afici\u00f3n\"],\"inLanguage\":\"es\",\"potentialAction\":[{\"@type\":\"CommentAction\",\"name\":\"Comment\",\"target\":[\"https:\\\/\\\/www.sanmiguel.com\\\/es\\\/futbol\\\/athletic-club\\\/historias-de-la-aficion\\\/la-unica-expulsion-de-telmo-zarra-fue-por-culpa-de-una-broma\\\/#respond\"]}]},{\"@type\":\"WebPage\",\"@id\":\"https:\\\/\\\/www.sanmiguel.com\\\/es\\\/futbol\\\/athletic-club\\\/historias-de-la-aficion\\\/la-unica-expulsion-de-telmo-zarra-fue-por-culpa-de-una-broma\\\/\",\"url\":\"https:\\\/\\\/www.sanmiguel.com\\\/es\\\/futbol\\\/athletic-club\\\/historias-de-la-aficion\\\/la-unica-expulsion-de-telmo-zarra-fue-por-culpa-de-una-broma\\\/\",\"name\":\"La expulsi\u00f3n de Telmo Zarra | Cervezas San Miguel | ES\",\"isPartOf\":{\"@id\":\"https:\\\/\\\/www.sanmiguel.com\\\/es\\\/#website\"},\"primaryImageOfPage\":{\"@id\":\"https:\\\/\\\/www.sanmiguel.com\\\/es\\\/futbol\\\/athletic-club\\\/historias-de-la-aficion\\\/la-unica-expulsion-de-telmo-zarra-fue-por-culpa-de-una-broma\\\/#primaryimage\"},\"image\":{\"@id\":\"https:\\\/\\\/www.sanmiguel.com\\\/es\\\/futbol\\\/athletic-club\\\/historias-de-la-aficion\\\/la-unica-expulsion-de-telmo-zarra-fue-por-culpa-de-una-broma\\\/#primaryimage\"},\"thumbnailUrl\":\"https:\\\/\\\/www.sanmiguel.com\\\/es\\\/wp-content\\\/uploads\\\/sites\\\/2\\\/2021\\\/01\\\/san-miguel-athletic-expulsion-telmo-zarra.jpg\",\"datePublished\":\"2018-10-31T17:49:00+00:00\",\"dateModified\":\"2023-12-13T08:14:15+00:00\",\"description\":\"La expulsi\u00f3n de Telmo Zarra fue por culpa de una broma. Sin lugar a dudas, Telmo Zarra es el delantero m\u00e1s importante de la historia del Athletic.\",\"breadcrumb\":{\"@id\":\"https:\\\/\\\/www.sanmiguel.com\\\/es\\\/futbol\\\/athletic-club\\\/historias-de-la-aficion\\\/la-unica-expulsion-de-telmo-zarra-fue-por-culpa-de-una-broma\\\/#breadcrumb\"},\"inLanguage\":\"es\",\"potentialAction\":[{\"@type\":\"ReadAction\",\"target\":[\"https:\\\/\\\/www.sanmiguel.com\\\/es\\\/futbol\\\/athletic-club\\\/historias-de-la-aficion\\\/la-unica-expulsion-de-telmo-zarra-fue-por-culpa-de-una-broma\\\/\"]}]},{\"@type\":\"ImageObject\",\"inLanguage\":\"es\",\"@id\":\"https:\\\/\\\/www.sanmiguel.com\\\/es\\\/futbol\\\/athletic-club\\\/historias-de-la-aficion\\\/la-unica-expulsion-de-telmo-zarra-fue-por-culpa-de-una-broma\\\/#primaryimage\",\"url\":\"https:\\\/\\\/www.sanmiguel.com\\\/es\\\/wp-content\\\/uploads\\\/sites\\\/2\\\/2021\\\/01\\\/san-miguel-athletic-expulsion-telmo-zarra.jpg\",\"contentUrl\":\"https:\\\/\\\/www.sanmiguel.com\\\/es\\\/wp-content\\\/uploads\\\/sites\\\/2\\\/2021\\\/01\\\/san-miguel-athletic-expulsion-telmo-zarra.jpg\",\"width\":900,\"height\":600,\"caption\":\"san miguel athletic expulsion telmo zarra\"},{\"@type\":\"BreadcrumbList\",\"@id\":\"https:\\\/\\\/www.sanmiguel.com\\\/es\\\/futbol\\\/athletic-club\\\/historias-de-la-aficion\\\/la-unica-expulsion-de-telmo-zarra-fue-por-culpa-de-una-broma\\\/#breadcrumb\",\"itemListElement\":[{\"@type\":\"ListItem\",\"position\":1,\"name\":\"Portada\",\"item\":\"https:\\\/\\\/www.sanmiguel.com\\\/es\\\/\"},{\"@type\":\"ListItem\",\"position\":2,\"name\":\"La \u00fanica expulsi\u00f3n de Telmo Zarra fue por culpa de una broma\"}]},{\"@type\":\"WebSite\",\"@id\":\"https:\\\/\\\/www.sanmiguel.com\\\/es\\\/#website\",\"url\":\"https:\\\/\\\/www.sanmiguel.com\\\/es\\\/\",\"name\":\"Cervezas San Miguel | ES\",\"description\":\"Bienvenidos Cerveceros Inquietos\",\"publisher\":{\"@id\":\"https:\\\/\\\/www.sanmiguel.com\\\/es\\\/#organization\"},\"potentialAction\":[{\"@type\":\"SearchAction\",\"target\":{\"@type\":\"EntryPoint\",\"urlTemplate\":\"https:\\\/\\\/www.sanmiguel.com\\\/es\\\/?s={search_term_string}\"},\"query-input\":{\"@type\":\"PropertyValueSpecification\",\"valueRequired\":true,\"valueName\":\"search_term_string\"}}],\"inLanguage\":\"es\"},{\"@type\":\"Organization\",\"@id\":\"https:\\\/\\\/www.sanmiguel.com\\\/es\\\/#organization\",\"name\":\"Cervezas San Miguel\",\"url\":\"https:\\\/\\\/www.sanmiguel.com\\\/es\\\/\",\"logo\":{\"@type\":\"ImageObject\",\"inLanguage\":\"es\",\"@id\":\"https:\\\/\\\/www.sanmiguel.com\\\/es\\\/#\\\/schema\\\/logo\\\/image\\\/\",\"url\":\"https:\\\/\\\/www.sanmiguel.com\\\/es\\\/wp-content\\\/uploads\\\/sites\\\/2\\\/2022\\\/06\\\/cervezas-san-miguel-logo.jpg\",\"contentUrl\":\"https:\\\/\\\/www.sanmiguel.com\\\/es\\\/wp-content\\\/uploads\\\/sites\\\/2\\\/2022\\\/06\\\/cervezas-san-miguel-logo.jpg\",\"width\":400,\"height\":400,\"caption\":\"Cervezas San Miguel\"},\"image\":{\"@id\":\"https:\\\/\\\/www.sanmiguel.com\\\/es\\\/#\\\/schema\\\/logo\\\/image\\\/\"}},{\"@type\":\"Person\",\"@id\":\"https:\\\/\\\/www.sanmiguel.com\\\/es\\\/#\\\/schema\\\/person\\\/6816a963dfb61a7b5d1f61e4c94c9730\",\"name\":\"SanMiguel\",\"image\":{\"@type\":\"ImageObject\",\"inLanguage\":\"es\",\"@id\":\"https:\\\/\\\/secure.gravatar.com\\\/avatar\\\/cfe276f080e378fcabf3e365fdc7b077a5d0554ed5ba70f1c968131efa4f596a?s=96&d=mm&r=g\",\"url\":\"https:\\\/\\\/secure.gravatar.com\\\/avatar\\\/cfe276f080e378fcabf3e365fdc7b077a5d0554ed5ba70f1c968131efa4f596a?s=96&d=mm&r=g\",\"contentUrl\":\"https:\\\/\\\/secure.gravatar.com\\\/avatar\\\/cfe276f080e378fcabf3e365fdc7b077a5d0554ed5ba70f1c968131efa4f596a?s=96&d=mm&r=g\",\"caption\":\"SanMiguel\"}}]}<\/script>\n<!-- \/ Yoast SEO plugin. -->","yoast_head_json":{"title":"La expulsi\u00f3n de Telmo Zarra | Cervezas San Miguel | ES","description":"La expulsi\u00f3n de Telmo Zarra fue por culpa de una broma. Sin lugar a dudas, Telmo Zarra es el delantero m\u00e1s importante de la historia del Athletic.","robots":{"index":"index","follow":"follow","max-snippet":"max-snippet:-1","max-image-preview":"max-image-preview:large","max-video-preview":"max-video-preview:-1"},"canonical":"https:\/\/www.sanmiguel.com\/es\/futbol\/athletic-club\/historias-de-la-aficion\/la-unica-expulsion-de-telmo-zarra-fue-por-culpa-de-una-broma\/","og_locale":"es_ES","og_type":"article","og_title":"La expulsi\u00f3n de Telmo Zarra | Cervezas San Miguel | ES","og_description":"La expulsi\u00f3n de Telmo Zarra fue por culpa de una broma. Sin lugar a dudas, Telmo Zarra es el delantero m\u00e1s importante de la historia del Athletic.","og_url":"https:\/\/www.sanmiguel.com\/es\/futbol\/athletic-club\/historias-de-la-aficion\/la-unica-expulsion-de-telmo-zarra-fue-por-culpa-de-una-broma\/","og_site_name":"Cervezas San Miguel | ES","article_published_time":"2018-10-31T17:49:00+00:00","article_modified_time":"2023-12-13T08:14:15+00:00","og_image":[{"width":900,"height":600,"url":"https:\/\/www.sanmiguel.com\/es\/wp-content\/uploads\/sites\/2\/2021\/01\/san-miguel-athletic-expulsion-telmo-zarra.jpg","type":"image\/jpeg"}],"author":"SanMiguel","twitter_card":"summary_large_image","twitter_misc":{"Escrito por":"SanMiguel","Tiempo de lectura":"2 minutos"},"schema":{"@context":"https:\/\/schema.org","@graph":[{"@type":"Article","@id":"https:\/\/www.sanmiguel.com\/es\/futbol\/athletic-club\/historias-de-la-aficion\/la-unica-expulsion-de-telmo-zarra-fue-por-culpa-de-una-broma\/#article","isPartOf":{"@id":"https:\/\/www.sanmiguel.com\/es\/futbol\/athletic-club\/historias-de-la-aficion\/la-unica-expulsion-de-telmo-zarra-fue-por-culpa-de-una-broma\/"},"author":{"name":"SanMiguel","@id":"https:\/\/www.sanmiguel.com\/es\/#\/schema\/person\/6816a963dfb61a7b5d1f61e4c94c9730"},"headline":"La \u00fanica expulsi\u00f3n de Telmo Zarra fue por culpa de una broma","datePublished":"2018-10-31T17:49:00+00:00","dateModified":"2023-12-13T08:14:15+00:00","mainEntityOfPage":{"@id":"https:\/\/www.sanmiguel.com\/es\/futbol\/athletic-club\/historias-de-la-aficion\/la-unica-expulsion-de-telmo-zarra-fue-por-culpa-de-una-broma\/"},"wordCount":318,"commentCount":0,"publisher":{"@id":"https:\/\/www.sanmiguel.com\/es\/#organization"},"image":{"@id":"https:\/\/www.sanmiguel.com\/es\/futbol\/athletic-club\/historias-de-la-aficion\/la-unica-expulsion-de-telmo-zarra-fue-por-culpa-de-una-broma\/#primaryimage"},"thumbnailUrl":"https:\/\/www.sanmiguel.com\/es\/wp-content\/uploads\/sites\/2\/2021\/01\/san-miguel-athletic-expulsion-telmo-zarra.jpg","articleSection":["Historias de la afici\u00f3n"],"inLanguage":"es","potentialAction":[{"@type":"CommentAction","name":"Comment","target":["https:\/\/www.sanmiguel.com\/es\/futbol\/athletic-club\/historias-de-la-aficion\/la-unica-expulsion-de-telmo-zarra-fue-por-culpa-de-una-broma\/#respond"]}]},{"@type":"WebPage","@id":"https:\/\/www.sanmiguel.com\/es\/futbol\/athletic-club\/historias-de-la-aficion\/la-unica-expulsion-de-telmo-zarra-fue-por-culpa-de-una-broma\/","url":"https:\/\/www.sanmiguel.com\/es\/futbol\/athletic-club\/historias-de-la-aficion\/la-unica-expulsion-de-telmo-zarra-fue-por-culpa-de-una-broma\/","name":"La expulsi\u00f3n de Telmo Zarra | Cervezas San Miguel | ES","isPartOf":{"@id":"https:\/\/www.sanmiguel.com\/es\/#website"},"primaryImageOfPage":{"@id":"https:\/\/www.sanmiguel.com\/es\/futbol\/athletic-club\/historias-de-la-aficion\/la-unica-expulsion-de-telmo-zarra-fue-por-culpa-de-una-broma\/#primaryimage"},"image":{"@id":"https:\/\/www.sanmiguel.com\/es\/futbol\/athletic-club\/historias-de-la-aficion\/la-unica-expulsion-de-telmo-zarra-fue-por-culpa-de-una-broma\/#primaryimage"},"thumbnailUrl":"https:\/\/www.sanmiguel.com\/es\/wp-content\/uploads\/sites\/2\/2021\/01\/san-miguel-athletic-expulsion-telmo-zarra.jpg","datePublished":"2018-10-31T17:49:00+00:00","dateModified":"2023-12-13T08:14:15+00:00","description":"La expulsi\u00f3n de Telmo Zarra fue por culpa de una broma. Sin lugar a dudas, Telmo Zarra es el delantero m\u00e1s importante de la historia del Athletic.","breadcrumb":{"@id":"https:\/\/www.sanmiguel.com\/es\/futbol\/athletic-club\/historias-de-la-aficion\/la-unica-expulsion-de-telmo-zarra-fue-por-culpa-de-una-broma\/#breadcrumb"},"inLanguage":"es","potentialAction":[{"@type":"ReadAction","target":["https:\/\/www.sanmiguel.com\/es\/futbol\/athletic-club\/historias-de-la-aficion\/la-unica-expulsion-de-telmo-zarra-fue-por-culpa-de-una-broma\/"]}]},{"@type":"ImageObject","inLanguage":"es","@id":"https:\/\/www.sanmiguel.com\/es\/futbol\/athletic-club\/historias-de-la-aficion\/la-unica-expulsion-de-telmo-zarra-fue-por-culpa-de-una-broma\/#primaryimage","url":"https:\/\/www.sanmiguel.com\/es\/wp-content\/uploads\/sites\/2\/2021\/01\/san-miguel-athletic-expulsion-telmo-zarra.jpg","contentUrl":"https:\/\/www.sanmiguel.com\/es\/wp-content\/uploads\/sites\/2\/2021\/01\/san-miguel-athletic-expulsion-telmo-zarra.jpg","width":900,"height":600,"caption":"san miguel athletic expulsion telmo zarra"},{"@type":"BreadcrumbList","@id":"https:\/\/www.sanmiguel.com\/es\/futbol\/athletic-club\/historias-de-la-aficion\/la-unica-expulsion-de-telmo-zarra-fue-por-culpa-de-una-broma\/#breadcrumb","itemListElement":[{"@type":"ListItem","position":1,"name":"Portada","item":"https:\/\/www.sanmiguel.com\/es\/"},{"@type":"ListItem","position":2,"name":"La \u00fanica expulsi\u00f3n de Telmo Zarra fue por culpa de una broma"}]},{"@type":"WebSite","@id":"https:\/\/www.sanmiguel.com\/es\/#website","url":"https:\/\/www.sanmiguel.com\/es\/","name":"Cervezas San Miguel | ES","description":"Bienvenidos Cerveceros Inquietos","publisher":{"@id":"https:\/\/www.sanmiguel.com\/es\/#organization"},"potentialAction":[{"@type":"SearchAction","target":{"@type":"EntryPoint","urlTemplate":"https:\/\/www.sanmiguel.com\/es\/?s={search_term_string}"},"query-input":{"@type":"PropertyValueSpecification","valueRequired":true,"valueName":"search_term_string"}}],"inLanguage":"es"},{"@type":"Organization","@id":"https:\/\/www.sanmiguel.com\/es\/#organization","name":"Cervezas San Miguel","url":"https:\/\/www.sanmiguel.com\/es\/","logo":{"@type":"ImageObject","inLanguage":"es","@id":"https:\/\/www.sanmiguel.com\/es\/#\/schema\/logo\/image\/","url":"https:\/\/www.sanmiguel.com\/es\/wp-content\/uploads\/sites\/2\/2022\/06\/cervezas-san-miguel-logo.jpg","contentUrl":"https:\/\/www.sanmiguel.com\/es\/wp-content\/uploads\/sites\/2\/2022\/06\/cervezas-san-miguel-logo.jpg","width":400,"height":400,"caption":"Cervezas San Miguel"},"image":{"@id":"https:\/\/www.sanmiguel.com\/es\/#\/schema\/logo\/image\/"}},{"@type":"Person","@id":"https:\/\/www.sanmiguel.com\/es\/#\/schema\/person\/6816a963dfb61a7b5d1f61e4c94c9730","name":"SanMiguel","image":{"@type":"ImageObject","inLanguage":"es","@id":"https:\/\/secure.gravatar.com\/avatar\/cfe276f080e378fcabf3e365fdc7b077a5d0554ed5ba70f1c968131efa4f596a?s=96&d=mm&r=g","url":"https:\/\/secure.gravatar.com\/avatar\/cfe276f080e378fcabf3e365fdc7b077a5d0554ed5ba70f1c968131efa4f596a?s=96&d=mm&r=g","contentUrl":"https:\/\/secure.gravatar.com\/avatar\/cfe276f080e378fcabf3e365fdc7b077a5d0554ed5ba70f1c968131efa4f596a?s=96&d=mm&r=g","caption":"SanMiguel"}}]}},"_links":{"self":[{"href":"https:\/\/www.sanmiguel.com\/es\/wp-json\/wp\/v2\/posts\/1966","targetHints":{"allow":["GET"]}}],"collection":[{"href":"https:\/\/www.sanmiguel.com\/es\/wp-json\/wp\/v2\/posts"}],"about":[{"href":"https:\/\/www.sanmiguel.com\/es\/wp-json\/wp\/v2\/types\/post"}],"author":[{"embeddable":true,"href":"https:\/\/www.sanmiguel.com\/es\/wp-json\/wp\/v2\/users\/1"}],"replies":[{"embeddable":true,"href":"https:\/\/www.sanmiguel.com\/es\/wp-json\/wp\/v2\/comments?post=1966"}],"version-history":[{"count":1,"href":"https:\/\/www.sanmiguel.com\/es\/wp-json\/wp\/v2\/posts\/1966\/revisions"}],"predecessor-version":[{"id":5921,"href":"https:\/\/www.sanmiguel.com\/es\/wp-json\/wp\/v2\/posts\/1966\/revisions\/5921"}],"wp:featuredmedia":[{"embeddable":true,"href":"https:\/\/www.sanmiguel.com\/es\/wp-json\/wp\/v2\/media\/1997"}],"wp:attachment":[{"href":"https:\/\/www.sanmiguel.com\/es\/wp-json\/wp\/v2\/media?parent=1966"}],"wp:term":[{"taxonomy":"category","embeddable":true,"href":"https:\/\/www.sanmiguel.com\/es\/wp-json\/wp\/v2\/categories?post=1966"},{"taxonomy":"post_tag","embeddable":true,"href":"https:\/\/www.sanmiguel.com\/es\/wp-json\/wp\/v2\/tags?post=1966"}],"curies":[{"name":"wp","href":"https:\/\/api.w.org\/{rel}","templated":true}]}}