{"id":1961,"date":"2019-06-04T17:41:00","date_gmt":"2019-06-04T17:41:00","guid":{"rendered":"http:\/\/www.sanmiguel.com\/es\/?p=1961"},"modified":"2023-12-13T07:55:19","modified_gmt":"2023-12-13T07:55:19","slug":"anecdotas-del-primer-viaje-en-avion-del-athletic","status":"publish","type":"post","link":"https:\/\/www.sanmiguel.com\/es\/futbol\/athletic-club\/historias-de-la-aficion\/anecdotas-del-primer-viaje-en-avion-del-athletic\/","title":{"rendered":"An\u00e9cdotas del primer viaje en avi\u00f3n del Athletic"},"content":{"rendered":"\n<p>En la Espa\u00f1a de la posguerra los desplazamientos supon\u00edan un grave problema para la mayor\u00eda de equipos de Primera. Los trenes de aquella \u00e9poca eran muy lentos y las carreteras estaban en muy mal estado. Por ello, en muchas ocasiones los viajes a los distintos estadios de La Liga eran aut\u00e9nticas odiseas que comenzaban el viernes por la ma\u00f1ana y terminaban el lunes.<\/p>\n\n\n\n<p>Para paliar este problema, la directiva del Athletic lleg\u00f3 a un acuerdo con la aerol\u00ednea vizca\u00edna Aviaco para trasladar en avi\u00f3n a la plantilla rojiblanca a los puntos m\u00e1s lejanos de la Pen\u00ednsula como M\u00e1laga, Vigo y Barcelona, \u201csiempre y cuando pudieran cubrirse el resto de plazas\u201d.<\/p>\n\n\n\n<p>Pese a que la decisi\u00f3n fue discutida por algunos jugadores, finalmente el 8 de octubre de 1949 el Athletic realiz\u00f3 su primer viaje a\u00e9reo rumbo a M\u00e1laga para disputar la sexta jornada de Liga. En el aeroplano viajaba la plantilla y una veintena de aficionados. Atra\u00eddos por el acontecimiento, muchos curiosos se acercaron al nuevo aer\u00f3dromo de Sondika para despedirles con aplausos y v\u00edtores.<\/p>\n\n\n\n<p>El que no estaba presente en este viaje ni en el siguiente a Barcelona fue el mediocentro rojiblanco Fernando Gonz\u00e1lez Balenciaga, \u2018Nando\u2019, cuyo miedo a volar le llevar\u00eda a \u2018rajarse\u2019 de los desplazamientos en avi\u00f3n. \u2018Nando\u2019 no era el \u00fanico jugador que ten\u00eda cierto respeto, no en vano meses antes la totalidad de la plantilla del Torino hab\u00eda fallecido en la conocida Tragedia de Superga.<\/p>\n\n\n\n<p>Con todo, el viaje a la ciudad andaluza dur\u00f3 tres horas, parada t\u00e9cnica incluida en Madrid. Se dice que gran parte de la plantilla se mare\u00f3. Sin embargo, eso no fue un problema para que el Athletic venciera por dos goles a tres. Por lo tanto, se puede decir que la primera aventura a\u00e9rea de los leones fue todo un \u00e9xito.<\/p>\n\n\n\n<div class=\"wp-block-image\"><figure class=\"aligncenter size-large\"><img loading=\"lazy\" decoding=\"async\" width=\"900\" height=\"600\" src=\"https:\/\/www.sanmiguel.com\/es\/wp-content\/uploads\/2021\/01\/san-miguel-athletic-primer-viaje-avion.jpg\" alt=\"\" class=\"wp-image-2002\" srcset=\"https:\/\/www.sanmiguel.com\/es\/wp-content\/uploads\/sites\/2\/2021\/01\/san-miguel-athletic-primer-viaje-avion.jpg 900w, https:\/\/www.sanmiguel.com\/es\/wp-content\/uploads\/sites\/2\/2021\/01\/san-miguel-athletic-primer-viaje-avion-300x200.jpg 300w, https:\/\/www.sanmiguel.com\/es\/wp-content\/uploads\/sites\/2\/2021\/01\/san-miguel-athletic-primer-viaje-avion-768x512.jpg 768w\" sizes=\"auto, (max-width: 900px) 100vw, 900px\" \/><\/figure><\/div>\n","protected":false},"excerpt":{"rendered":"<p>En la Espa\u00f1a de la posguerra los desplazamientos supon\u00edan un grave problema para la mayor\u00eda de equipos de Primera.<\/p>\n","protected":false},"author":1,"featured_media":2002,"comment_status":"open","ping_status":"open","sticky":false,"template":"","format":"standard","meta":{"_acf_changed":false,"inline_featured_image":false,"footnotes":""},"categories":[22],"tags":[],"class_list":["post-1961","post","type-post","status-publish","format-standard","has-post-thumbnail","hentry","category-historias-de-la-aficion"],"acf":[],"yoast_head":"<!-- This site is optimized with the Yoast SEO plugin v27.4 - https:\/\/yoast.com\/product\/yoast-seo-wordpress\/ -->\n<title>An\u00e9cdotas del Athletic | Cervezas San Miguel | ES<\/title>\n<meta name=\"description\" content=\"Descubre las an\u00e9cdoras del primer viaje en avi\u00f3n del Athletic en la Espa\u00f1a de posguerra, donde los desplazamientos supon\u00edan un grave problema.\" \/>\n<meta name=\"robots\" content=\"index, follow, max-snippet:-1, max-image-preview:large, max-video-preview:-1\" \/>\n<link rel=\"canonical\" href=\"https:\/\/www.sanmiguel.com\/es\/futbol\/athletic-club\/historias-de-la-aficion\/anecdotas-del-primer-viaje-en-avion-del-athletic\/\" \/>\n<meta property=\"og:locale\" content=\"es_ES\" \/>\n<meta property=\"og:type\" content=\"article\" \/>\n<meta property=\"og:title\" content=\"An\u00e9cdotas del Athletic | Cervezas San Miguel | ES\" \/>\n<meta property=\"og:description\" content=\"Descubre las an\u00e9cdoras del primer viaje en avi\u00f3n del Athletic en la Espa\u00f1a de posguerra, donde los desplazamientos supon\u00edan un grave problema.\" \/>\n<meta property=\"og:url\" content=\"https:\/\/www.sanmiguel.com\/es\/futbol\/athletic-club\/historias-de-la-aficion\/anecdotas-del-primer-viaje-en-avion-del-athletic\/\" \/>\n<meta property=\"og:site_name\" content=\"Cervezas San Miguel | ES\" \/>\n<meta property=\"article:published_time\" content=\"2019-06-04T17:41:00+00:00\" \/>\n<meta property=\"article:modified_time\" content=\"2023-12-13T07:55:19+00:00\" \/>\n<meta property=\"og:image\" content=\"https:\/\/www.sanmiguel.com\/es\/wp-content\/uploads\/sites\/2\/2021\/01\/san-miguel-athletic-primer-viaje-avion.jpg\" \/>\n\t<meta property=\"og:image:width\" content=\"900\" \/>\n\t<meta property=\"og:image:height\" content=\"600\" \/>\n\t<meta property=\"og:image:type\" content=\"image\/jpeg\" \/>\n<meta name=\"author\" content=\"SanMiguel\" \/>\n<meta name=\"twitter:card\" content=\"summary_large_image\" \/>\n<meta name=\"twitter:label1\" content=\"Escrito por\" \/>\n\t<meta name=\"twitter:data1\" content=\"SanMiguel\" \/>\n\t<meta name=\"twitter:label2\" content=\"Tiempo de lectura\" \/>\n\t<meta name=\"twitter:data2\" content=\"2 minutos\" \/>\n<script type=\"application\/ld+json\" class=\"yoast-schema-graph\">{\"@context\":\"https:\\\/\\\/schema.org\",\"@graph\":[{\"@type\":\"Article\",\"@id\":\"https:\\\/\\\/www.sanmiguel.com\\\/es\\\/futbol\\\/athletic-club\\\/historias-de-la-aficion\\\/anecdotas-del-primer-viaje-en-avion-del-athletic\\\/#article\",\"isPartOf\":{\"@id\":\"https:\\\/\\\/www.sanmiguel.com\\\/es\\\/futbol\\\/athletic-club\\\/historias-de-la-aficion\\\/anecdotas-del-primer-viaje-en-avion-del-athletic\\\/\"},\"author\":{\"name\":\"SanMiguel\",\"@id\":\"https:\\\/\\\/www.sanmiguel.com\\\/es\\\/#\\\/schema\\\/person\\\/6816a963dfb61a7b5d1f61e4c94c9730\"},\"headline\":\"An\u00e9cdotas del primer viaje en avi\u00f3n del Athletic\",\"datePublished\":\"2019-06-04T17:41:00+00:00\",\"dateModified\":\"2023-12-13T07:55:19+00:00\",\"mainEntityOfPage\":{\"@id\":\"https:\\\/\\\/www.sanmiguel.com\\\/es\\\/futbol\\\/athletic-club\\\/historias-de-la-aficion\\\/anecdotas-del-primer-viaje-en-avion-del-athletic\\\/\"},\"wordCount\":332,\"commentCount\":0,\"publisher\":{\"@id\":\"https:\\\/\\\/www.sanmiguel.com\\\/es\\\/#organization\"},\"image\":{\"@id\":\"https:\\\/\\\/www.sanmiguel.com\\\/es\\\/futbol\\\/athletic-club\\\/historias-de-la-aficion\\\/anecdotas-del-primer-viaje-en-avion-del-athletic\\\/#primaryimage\"},\"thumbnailUrl\":\"https:\\\/\\\/www.sanmiguel.com\\\/es\\\/wp-content\\\/uploads\\\/sites\\\/2\\\/2021\\\/01\\\/san-miguel-athletic-primer-viaje-avion.jpg\",\"articleSection\":[\"Historias de la afici\u00f3n\"],\"inLanguage\":\"es\",\"potentialAction\":[{\"@type\":\"CommentAction\",\"name\":\"Comment\",\"target\":[\"https:\\\/\\\/www.sanmiguel.com\\\/es\\\/futbol\\\/athletic-club\\\/historias-de-la-aficion\\\/anecdotas-del-primer-viaje-en-avion-del-athletic\\\/#respond\"]}]},{\"@type\":\"WebPage\",\"@id\":\"https:\\\/\\\/www.sanmiguel.com\\\/es\\\/futbol\\\/athletic-club\\\/historias-de-la-aficion\\\/anecdotas-del-primer-viaje-en-avion-del-athletic\\\/\",\"url\":\"https:\\\/\\\/www.sanmiguel.com\\\/es\\\/futbol\\\/athletic-club\\\/historias-de-la-aficion\\\/anecdotas-del-primer-viaje-en-avion-del-athletic\\\/\",\"name\":\"An\u00e9cdotas del Athletic | Cervezas San Miguel | ES\",\"isPartOf\":{\"@id\":\"https:\\\/\\\/www.sanmiguel.com\\\/es\\\/#website\"},\"primaryImageOfPage\":{\"@id\":\"https:\\\/\\\/www.sanmiguel.com\\\/es\\\/futbol\\\/athletic-club\\\/historias-de-la-aficion\\\/anecdotas-del-primer-viaje-en-avion-del-athletic\\\/#primaryimage\"},\"image\":{\"@id\":\"https:\\\/\\\/www.sanmiguel.com\\\/es\\\/futbol\\\/athletic-club\\\/historias-de-la-aficion\\\/anecdotas-del-primer-viaje-en-avion-del-athletic\\\/#primaryimage\"},\"thumbnailUrl\":\"https:\\\/\\\/www.sanmiguel.com\\\/es\\\/wp-content\\\/uploads\\\/sites\\\/2\\\/2021\\\/01\\\/san-miguel-athletic-primer-viaje-avion.jpg\",\"datePublished\":\"2019-06-04T17:41:00+00:00\",\"dateModified\":\"2023-12-13T07:55:19+00:00\",\"description\":\"Descubre las an\u00e9cdoras del primer viaje en avi\u00f3n del Athletic en la Espa\u00f1a de posguerra, donde los desplazamientos supon\u00edan un grave problema.\",\"breadcrumb\":{\"@id\":\"https:\\\/\\\/www.sanmiguel.com\\\/es\\\/futbol\\\/athletic-club\\\/historias-de-la-aficion\\\/anecdotas-del-primer-viaje-en-avion-del-athletic\\\/#breadcrumb\"},\"inLanguage\":\"es\",\"potentialAction\":[{\"@type\":\"ReadAction\",\"target\":[\"https:\\\/\\\/www.sanmiguel.com\\\/es\\\/futbol\\\/athletic-club\\\/historias-de-la-aficion\\\/anecdotas-del-primer-viaje-en-avion-del-athletic\\\/\"]}]},{\"@type\":\"ImageObject\",\"inLanguage\":\"es\",\"@id\":\"https:\\\/\\\/www.sanmiguel.com\\\/es\\\/futbol\\\/athletic-club\\\/historias-de-la-aficion\\\/anecdotas-del-primer-viaje-en-avion-del-athletic\\\/#primaryimage\",\"url\":\"https:\\\/\\\/www.sanmiguel.com\\\/es\\\/wp-content\\\/uploads\\\/sites\\\/2\\\/2021\\\/01\\\/san-miguel-athletic-primer-viaje-avion.jpg\",\"contentUrl\":\"https:\\\/\\\/www.sanmiguel.com\\\/es\\\/wp-content\\\/uploads\\\/sites\\\/2\\\/2021\\\/01\\\/san-miguel-athletic-primer-viaje-avion.jpg\",\"width\":900,\"height\":600,\"caption\":\"san miguel athletic primer viaje avion\"},{\"@type\":\"BreadcrumbList\",\"@id\":\"https:\\\/\\\/www.sanmiguel.com\\\/es\\\/futbol\\\/athletic-club\\\/historias-de-la-aficion\\\/anecdotas-del-primer-viaje-en-avion-del-athletic\\\/#breadcrumb\",\"itemListElement\":[{\"@type\":\"ListItem\",\"position\":1,\"name\":\"Portada\",\"item\":\"https:\\\/\\\/www.sanmiguel.com\\\/es\\\/\"},{\"@type\":\"ListItem\",\"position\":2,\"name\":\"An\u00e9cdotas del primer viaje en avi\u00f3n del Athletic\"}]},{\"@type\":\"WebSite\",\"@id\":\"https:\\\/\\\/www.sanmiguel.com\\\/es\\\/#website\",\"url\":\"https:\\\/\\\/www.sanmiguel.com\\\/es\\\/\",\"name\":\"Cervezas San Miguel | ES\",\"description\":\"Bienvenidos Cerveceros Inquietos\",\"publisher\":{\"@id\":\"https:\\\/\\\/www.sanmiguel.com\\\/es\\\/#organization\"},\"potentialAction\":[{\"@type\":\"SearchAction\",\"target\":{\"@type\":\"EntryPoint\",\"urlTemplate\":\"https:\\\/\\\/www.sanmiguel.com\\\/es\\\/?s={search_term_string}\"},\"query-input\":{\"@type\":\"PropertyValueSpecification\",\"valueRequired\":true,\"valueName\":\"search_term_string\"}}],\"inLanguage\":\"es\"},{\"@type\":\"Organization\",\"@id\":\"https:\\\/\\\/www.sanmiguel.com\\\/es\\\/#organization\",\"name\":\"Cervezas San Miguel\",\"url\":\"https:\\\/\\\/www.sanmiguel.com\\\/es\\\/\",\"logo\":{\"@type\":\"ImageObject\",\"inLanguage\":\"es\",\"@id\":\"https:\\\/\\\/www.sanmiguel.com\\\/es\\\/#\\\/schema\\\/logo\\\/image\\\/\",\"url\":\"https:\\\/\\\/www.sanmiguel.com\\\/es\\\/wp-content\\\/uploads\\\/sites\\\/2\\\/2022\\\/06\\\/cervezas-san-miguel-logo.jpg\",\"contentUrl\":\"https:\\\/\\\/www.sanmiguel.com\\\/es\\\/wp-content\\\/uploads\\\/sites\\\/2\\\/2022\\\/06\\\/cervezas-san-miguel-logo.jpg\",\"width\":400,\"height\":400,\"caption\":\"Cervezas San Miguel\"},\"image\":{\"@id\":\"https:\\\/\\\/www.sanmiguel.com\\\/es\\\/#\\\/schema\\\/logo\\\/image\\\/\"}},{\"@type\":\"Person\",\"@id\":\"https:\\\/\\\/www.sanmiguel.com\\\/es\\\/#\\\/schema\\\/person\\\/6816a963dfb61a7b5d1f61e4c94c9730\",\"name\":\"SanMiguel\",\"image\":{\"@type\":\"ImageObject\",\"inLanguage\":\"es\",\"@id\":\"https:\\\/\\\/secure.gravatar.com\\\/avatar\\\/cfe276f080e378fcabf3e365fdc7b077a5d0554ed5ba70f1c968131efa4f596a?s=96&d=mm&r=g\",\"url\":\"https:\\\/\\\/secure.gravatar.com\\\/avatar\\\/cfe276f080e378fcabf3e365fdc7b077a5d0554ed5ba70f1c968131efa4f596a?s=96&d=mm&r=g\",\"contentUrl\":\"https:\\\/\\\/secure.gravatar.com\\\/avatar\\\/cfe276f080e378fcabf3e365fdc7b077a5d0554ed5ba70f1c968131efa4f596a?s=96&d=mm&r=g\",\"caption\":\"SanMiguel\"}}]}<\/script>\n<!-- \/ Yoast SEO plugin. -->","yoast_head_json":{"title":"An\u00e9cdotas del Athletic | Cervezas San Miguel | ES","description":"Descubre las an\u00e9cdoras del primer viaje en avi\u00f3n del Athletic en la Espa\u00f1a de posguerra, donde los desplazamientos supon\u00edan un grave problema.","robots":{"index":"index","follow":"follow","max-snippet":"max-snippet:-1","max-image-preview":"max-image-preview:large","max-video-preview":"max-video-preview:-1"},"canonical":"https:\/\/www.sanmiguel.com\/es\/futbol\/athletic-club\/historias-de-la-aficion\/anecdotas-del-primer-viaje-en-avion-del-athletic\/","og_locale":"es_ES","og_type":"article","og_title":"An\u00e9cdotas del Athletic | Cervezas San Miguel | ES","og_description":"Descubre las an\u00e9cdoras del primer viaje en avi\u00f3n del Athletic en la Espa\u00f1a de posguerra, donde los desplazamientos supon\u00edan un grave problema.","og_url":"https:\/\/www.sanmiguel.com\/es\/futbol\/athletic-club\/historias-de-la-aficion\/anecdotas-del-primer-viaje-en-avion-del-athletic\/","og_site_name":"Cervezas San Miguel | ES","article_published_time":"2019-06-04T17:41:00+00:00","article_modified_time":"2023-12-13T07:55:19+00:00","og_image":[{"width":900,"height":600,"url":"https:\/\/www.sanmiguel.com\/es\/wp-content\/uploads\/sites\/2\/2021\/01\/san-miguel-athletic-primer-viaje-avion.jpg","type":"image\/jpeg"}],"author":"SanMiguel","twitter_card":"summary_large_image","twitter_misc":{"Escrito por":"SanMiguel","Tiempo de lectura":"2 minutos"},"schema":{"@context":"https:\/\/schema.org","@graph":[{"@type":"Article","@id":"https:\/\/www.sanmiguel.com\/es\/futbol\/athletic-club\/historias-de-la-aficion\/anecdotas-del-primer-viaje-en-avion-del-athletic\/#article","isPartOf":{"@id":"https:\/\/www.sanmiguel.com\/es\/futbol\/athletic-club\/historias-de-la-aficion\/anecdotas-del-primer-viaje-en-avion-del-athletic\/"},"author":{"name":"SanMiguel","@id":"https:\/\/www.sanmiguel.com\/es\/#\/schema\/person\/6816a963dfb61a7b5d1f61e4c94c9730"},"headline":"An\u00e9cdotas del primer viaje en avi\u00f3n del Athletic","datePublished":"2019-06-04T17:41:00+00:00","dateModified":"2023-12-13T07:55:19+00:00","mainEntityOfPage":{"@id":"https:\/\/www.sanmiguel.com\/es\/futbol\/athletic-club\/historias-de-la-aficion\/anecdotas-del-primer-viaje-en-avion-del-athletic\/"},"wordCount":332,"commentCount":0,"publisher":{"@id":"https:\/\/www.sanmiguel.com\/es\/#organization"},"image":{"@id":"https:\/\/www.sanmiguel.com\/es\/futbol\/athletic-club\/historias-de-la-aficion\/anecdotas-del-primer-viaje-en-avion-del-athletic\/#primaryimage"},"thumbnailUrl":"https:\/\/www.sanmiguel.com\/es\/wp-content\/uploads\/sites\/2\/2021\/01\/san-miguel-athletic-primer-viaje-avion.jpg","articleSection":["Historias de la afici\u00f3n"],"inLanguage":"es","potentialAction":[{"@type":"CommentAction","name":"Comment","target":["https:\/\/www.sanmiguel.com\/es\/futbol\/athletic-club\/historias-de-la-aficion\/anecdotas-del-primer-viaje-en-avion-del-athletic\/#respond"]}]},{"@type":"WebPage","@id":"https:\/\/www.sanmiguel.com\/es\/futbol\/athletic-club\/historias-de-la-aficion\/anecdotas-del-primer-viaje-en-avion-del-athletic\/","url":"https:\/\/www.sanmiguel.com\/es\/futbol\/athletic-club\/historias-de-la-aficion\/anecdotas-del-primer-viaje-en-avion-del-athletic\/","name":"An\u00e9cdotas del Athletic | Cervezas San Miguel | ES","isPartOf":{"@id":"https:\/\/www.sanmiguel.com\/es\/#website"},"primaryImageOfPage":{"@id":"https:\/\/www.sanmiguel.com\/es\/futbol\/athletic-club\/historias-de-la-aficion\/anecdotas-del-primer-viaje-en-avion-del-athletic\/#primaryimage"},"image":{"@id":"https:\/\/www.sanmiguel.com\/es\/futbol\/athletic-club\/historias-de-la-aficion\/anecdotas-del-primer-viaje-en-avion-del-athletic\/#primaryimage"},"thumbnailUrl":"https:\/\/www.sanmiguel.com\/es\/wp-content\/uploads\/sites\/2\/2021\/01\/san-miguel-athletic-primer-viaje-avion.jpg","datePublished":"2019-06-04T17:41:00+00:00","dateModified":"2023-12-13T07:55:19+00:00","description":"Descubre las an\u00e9cdoras del primer viaje en avi\u00f3n del Athletic en la Espa\u00f1a de posguerra, donde los desplazamientos supon\u00edan un grave problema.","breadcrumb":{"@id":"https:\/\/www.sanmiguel.com\/es\/futbol\/athletic-club\/historias-de-la-aficion\/anecdotas-del-primer-viaje-en-avion-del-athletic\/#breadcrumb"},"inLanguage":"es","potentialAction":[{"@type":"ReadAction","target":["https:\/\/www.sanmiguel.com\/es\/futbol\/athletic-club\/historias-de-la-aficion\/anecdotas-del-primer-viaje-en-avion-del-athletic\/"]}]},{"@type":"ImageObject","inLanguage":"es","@id":"https:\/\/www.sanmiguel.com\/es\/futbol\/athletic-club\/historias-de-la-aficion\/anecdotas-del-primer-viaje-en-avion-del-athletic\/#primaryimage","url":"https:\/\/www.sanmiguel.com\/es\/wp-content\/uploads\/sites\/2\/2021\/01\/san-miguel-athletic-primer-viaje-avion.jpg","contentUrl":"https:\/\/www.sanmiguel.com\/es\/wp-content\/uploads\/sites\/2\/2021\/01\/san-miguel-athletic-primer-viaje-avion.jpg","width":900,"height":600,"caption":"san miguel athletic primer viaje avion"},{"@type":"BreadcrumbList","@id":"https:\/\/www.sanmiguel.com\/es\/futbol\/athletic-club\/historias-de-la-aficion\/anecdotas-del-primer-viaje-en-avion-del-athletic\/#breadcrumb","itemListElement":[{"@type":"ListItem","position":1,"name":"Portada","item":"https:\/\/www.sanmiguel.com\/es\/"},{"@type":"ListItem","position":2,"name":"An\u00e9cdotas del primer viaje en avi\u00f3n del Athletic"}]},{"@type":"WebSite","@id":"https:\/\/www.sanmiguel.com\/es\/#website","url":"https:\/\/www.sanmiguel.com\/es\/","name":"Cervezas San Miguel | ES","description":"Bienvenidos Cerveceros Inquietos","publisher":{"@id":"https:\/\/www.sanmiguel.com\/es\/#organization"},"potentialAction":[{"@type":"SearchAction","target":{"@type":"EntryPoint","urlTemplate":"https:\/\/www.sanmiguel.com\/es\/?s={search_term_string}"},"query-input":{"@type":"PropertyValueSpecification","valueRequired":true,"valueName":"search_term_string"}}],"inLanguage":"es"},{"@type":"Organization","@id":"https:\/\/www.sanmiguel.com\/es\/#organization","name":"Cervezas San Miguel","url":"https:\/\/www.sanmiguel.com\/es\/","logo":{"@type":"ImageObject","inLanguage":"es","@id":"https:\/\/www.sanmiguel.com\/es\/#\/schema\/logo\/image\/","url":"https:\/\/www.sanmiguel.com\/es\/wp-content\/uploads\/sites\/2\/2022\/06\/cervezas-san-miguel-logo.jpg","contentUrl":"https:\/\/www.sanmiguel.com\/es\/wp-content\/uploads\/sites\/2\/2022\/06\/cervezas-san-miguel-logo.jpg","width":400,"height":400,"caption":"Cervezas San Miguel"},"image":{"@id":"https:\/\/www.sanmiguel.com\/es\/#\/schema\/logo\/image\/"}},{"@type":"Person","@id":"https:\/\/www.sanmiguel.com\/es\/#\/schema\/person\/6816a963dfb61a7b5d1f61e4c94c9730","name":"SanMiguel","image":{"@type":"ImageObject","inLanguage":"es","@id":"https:\/\/secure.gravatar.com\/avatar\/cfe276f080e378fcabf3e365fdc7b077a5d0554ed5ba70f1c968131efa4f596a?s=96&d=mm&r=g","url":"https:\/\/secure.gravatar.com\/avatar\/cfe276f080e378fcabf3e365fdc7b077a5d0554ed5ba70f1c968131efa4f596a?s=96&d=mm&r=g","contentUrl":"https:\/\/secure.gravatar.com\/avatar\/cfe276f080e378fcabf3e365fdc7b077a5d0554ed5ba70f1c968131efa4f596a?s=96&d=mm&r=g","caption":"SanMiguel"}}]}},"_links":{"self":[{"href":"https:\/\/www.sanmiguel.com\/es\/wp-json\/wp\/v2\/posts\/1961","targetHints":{"allow":["GET"]}}],"collection":[{"href":"https:\/\/www.sanmiguel.com\/es\/wp-json\/wp\/v2\/posts"}],"about":[{"href":"https:\/\/www.sanmiguel.com\/es\/wp-json\/wp\/v2\/types\/post"}],"author":[{"embeddable":true,"href":"https:\/\/www.sanmiguel.com\/es\/wp-json\/wp\/v2\/users\/1"}],"replies":[{"embeddable":true,"href":"https:\/\/www.sanmiguel.com\/es\/wp-json\/wp\/v2\/comments?post=1961"}],"version-history":[{"count":1,"href":"https:\/\/www.sanmiguel.com\/es\/wp-json\/wp\/v2\/posts\/1961\/revisions"}],"predecessor-version":[{"id":5927,"href":"https:\/\/www.sanmiguel.com\/es\/wp-json\/wp\/v2\/posts\/1961\/revisions\/5927"}],"wp:featuredmedia":[{"embeddable":true,"href":"https:\/\/www.sanmiguel.com\/es\/wp-json\/wp\/v2\/media\/2002"}],"wp:attachment":[{"href":"https:\/\/www.sanmiguel.com\/es\/wp-json\/wp\/v2\/media?parent=1961"}],"wp:term":[{"taxonomy":"category","embeddable":true,"href":"https:\/\/www.sanmiguel.com\/es\/wp-json\/wp\/v2\/categories?post=1961"},{"taxonomy":"post_tag","embeddable":true,"href":"https:\/\/www.sanmiguel.com\/es\/wp-json\/wp\/v2\/tags?post=1961"}],"curies":[{"name":"wp","href":"https:\/\/api.w.org\/{rel}","templated":true}]}}