{"id":1943,"date":"2019-07-02T16:51:00","date_gmt":"2019-07-02T16:51:00","guid":{"rendered":"http:\/\/www.sanmiguel.com\/es\/?p=1943"},"modified":"2023-12-13T08:05:05","modified_gmt":"2023-12-13T08:05:05","slug":"el-capote-del-athletic-al-arenas-club","status":"publish","type":"post","link":"https:\/\/www.sanmiguel.com\/es\/futbol\/athletic-club\/historias-de-la-aficion\/el-capote-del-athletic-al-arenas-club\/","title":{"rendered":"El \u2018capote\u2019 del Athletic al Arenas Club"},"content":{"rendered":"\n<p>Esta temporada el Athletic Club estrenar\u00e1 sus partidos de pretemporada contra el Arenas Club de Getxo. El encuentro servir\u00e1 para conmemorar la Copa del Rey que el club getxotarra gan\u00f3 al FC Barcelona en la hist\u00f3rica final celebrada el 18 de mayo de 1919 en Madrid ante 8.000 espectadores.<\/p>\n\n\n\n<p>A d\u00eda de hoy, la conocida gesta del Arenas Club es un motivo de orgullo para todos los vizca\u00ednos y vizca\u00ednas, incluso para aquellos que son aficionados del Athletic Club. Sin embargo, en aquel tiempo la rivalidad entre los dos equipos y sus aficiones era m\u00e1xima. No en vano, ambos clubes se disputaban codo a codo el Campeonato del Norte que daba acceso a participar en la Copa del Rey.<\/p>\n\n\n\n<p>Aquel a\u00f1o, pese haber ganado el Campeonato del Norte, el Arenas de Getxo no ten\u00eda fondos para acudir a Madrid a disputar la Copa del Rey. Sin embargo, el Athletic Club, el que hab\u00eda sido su gran rival durante el campeonato, se ofreci\u00f3 ayudarle desinteresadamente jugando un partido que servir\u00eda para recaudar fondos.<\/p>\n\n\n\n<p>Finalmente, el conjunto getxotarra pudo viajar a Madrid y derrotar al ya poderoso Barcelona por cinco tantos a dos. Gracias a la camarader\u00eda entre ambos clubes, ahora Bizkaia tiene el honor de poseer 25 Copas del Rey: las veinticuatro del Athletic y la del Arenas.<\/p>\n\n\n\n<div class=\"wp-block-image\"><figure class=\"aligncenter size-large\"><img loading=\"lazy\" decoding=\"async\" width=\"900\" height=\"600\" src=\"https:\/\/www.sanmiguel.com\/es\/wp-content\/uploads\/2021\/01\/san-miguel-athletic-final-copa-del-rey-1919.jpg\" alt=\"\" class=\"wp-image-2028\" srcset=\"https:\/\/www.sanmiguel.com\/es\/wp-content\/uploads\/sites\/2\/2021\/01\/san-miguel-athletic-final-copa-del-rey-1919.jpg 900w, https:\/\/www.sanmiguel.com\/es\/wp-content\/uploads\/sites\/2\/2021\/01\/san-miguel-athletic-final-copa-del-rey-1919-300x200.jpg 300w, https:\/\/www.sanmiguel.com\/es\/wp-content\/uploads\/sites\/2\/2021\/01\/san-miguel-athletic-final-copa-del-rey-1919-768x512.jpg 768w\" sizes=\"auto, (max-width: 900px) 100vw, 900px\" \/><\/figure><\/div>\n","protected":false},"excerpt":{"rendered":"<p>Esta temporada el Athletic Club estrenar\u00e1 sus partidos de pretemporada contra el Arenas Club de Getxo.<\/p>\n","protected":false},"author":1,"featured_media":2028,"comment_status":"open","ping_status":"open","sticky":false,"template":"","format":"standard","meta":{"_acf_changed":false,"inline_featured_image":false,"footnotes":""},"categories":[22],"tags":[],"class_list":["post-1943","post","type-post","status-publish","format-standard","has-post-thumbnail","hentry","category-historias-de-la-aficion"],"acf":[],"yoast_head":"<!-- This site is optimized with the Yoast SEO plugin v27.4 - https:\/\/yoast.com\/product\/yoast-seo-wordpress\/ -->\n<title>Capote del Athletic al Arenas Club | Cervezas San Miguel | ES<\/title>\n<meta name=\"description\" content=\"Esa temporada el Athletic Club estrenaba sus partidos de pretemporada contra el Arenas Club de Getxo.\" \/>\n<meta name=\"robots\" content=\"index, follow, max-snippet:-1, max-image-preview:large, max-video-preview:-1\" \/>\n<link rel=\"canonical\" href=\"https:\/\/www.sanmiguel.com\/es\/futbol\/athletic-club\/historias-de-la-aficion\/el-capote-del-athletic-al-arenas-club\/\" \/>\n<meta property=\"og:locale\" content=\"es_ES\" \/>\n<meta property=\"og:type\" content=\"article\" \/>\n<meta property=\"og:title\" content=\"Capote del Athletic al Arenas Club | Cervezas San Miguel | ES\" \/>\n<meta property=\"og:description\" content=\"Esa temporada el Athletic Club estrenaba sus partidos de pretemporada contra el Arenas Club de Getxo.\" \/>\n<meta property=\"og:url\" content=\"https:\/\/www.sanmiguel.com\/es\/futbol\/athletic-club\/historias-de-la-aficion\/el-capote-del-athletic-al-arenas-club\/\" \/>\n<meta property=\"og:site_name\" content=\"Cervezas San Miguel | ES\" \/>\n<meta property=\"article:published_time\" content=\"2019-07-02T16:51:00+00:00\" \/>\n<meta property=\"article:modified_time\" content=\"2023-12-13T08:05:05+00:00\" \/>\n<meta property=\"og:image\" content=\"https:\/\/www.sanmiguel.com\/es\/wp-content\/uploads\/sites\/2\/2021\/01\/san-miguel-athletic-final-copa-del-rey-1919.jpg\" \/>\n\t<meta property=\"og:image:width\" content=\"900\" \/>\n\t<meta property=\"og:image:height\" content=\"600\" \/>\n\t<meta property=\"og:image:type\" content=\"image\/jpeg\" \/>\n<meta name=\"author\" content=\"SanMiguel\" \/>\n<meta name=\"twitter:card\" content=\"summary_large_image\" \/>\n<meta name=\"twitter:label1\" content=\"Escrito por\" \/>\n\t<meta name=\"twitter:data1\" content=\"SanMiguel\" \/>\n\t<meta name=\"twitter:label2\" content=\"Tiempo de lectura\" \/>\n\t<meta name=\"twitter:data2\" content=\"2 minutos\" \/>\n<script type=\"application\/ld+json\" class=\"yoast-schema-graph\">{\"@context\":\"https:\\\/\\\/schema.org\",\"@graph\":[{\"@type\":\"Article\",\"@id\":\"https:\\\/\\\/www.sanmiguel.com\\\/es\\\/futbol\\\/athletic-club\\\/historias-de-la-aficion\\\/el-capote-del-athletic-al-arenas-club\\\/#article\",\"isPartOf\":{\"@id\":\"https:\\\/\\\/www.sanmiguel.com\\\/es\\\/futbol\\\/athletic-club\\\/historias-de-la-aficion\\\/el-capote-del-athletic-al-arenas-club\\\/\"},\"author\":{\"name\":\"SanMiguel\",\"@id\":\"https:\\\/\\\/www.sanmiguel.com\\\/es\\\/#\\\/schema\\\/person\\\/6816a963dfb61a7b5d1f61e4c94c9730\"},\"headline\":\"El \u2018capote\u2019 del Athletic al Arenas Club\",\"datePublished\":\"2019-07-02T16:51:00+00:00\",\"dateModified\":\"2023-12-13T08:05:05+00:00\",\"mainEntityOfPage\":{\"@id\":\"https:\\\/\\\/www.sanmiguel.com\\\/es\\\/futbol\\\/athletic-club\\\/historias-de-la-aficion\\\/el-capote-del-athletic-al-arenas-club\\\/\"},\"wordCount\":230,\"commentCount\":0,\"publisher\":{\"@id\":\"https:\\\/\\\/www.sanmiguel.com\\\/es\\\/#organization\"},\"image\":{\"@id\":\"https:\\\/\\\/www.sanmiguel.com\\\/es\\\/futbol\\\/athletic-club\\\/historias-de-la-aficion\\\/el-capote-del-athletic-al-arenas-club\\\/#primaryimage\"},\"thumbnailUrl\":\"https:\\\/\\\/www.sanmiguel.com\\\/es\\\/wp-content\\\/uploads\\\/sites\\\/2\\\/2021\\\/01\\\/san-miguel-athletic-final-copa-del-rey-1919.jpg\",\"articleSection\":[\"Historias de la afici\u00f3n\"],\"inLanguage\":\"es\",\"potentialAction\":[{\"@type\":\"CommentAction\",\"name\":\"Comment\",\"target\":[\"https:\\\/\\\/www.sanmiguel.com\\\/es\\\/futbol\\\/athletic-club\\\/historias-de-la-aficion\\\/el-capote-del-athletic-al-arenas-club\\\/#respond\"]}]},{\"@type\":\"WebPage\",\"@id\":\"https:\\\/\\\/www.sanmiguel.com\\\/es\\\/futbol\\\/athletic-club\\\/historias-de-la-aficion\\\/el-capote-del-athletic-al-arenas-club\\\/\",\"url\":\"https:\\\/\\\/www.sanmiguel.com\\\/es\\\/futbol\\\/athletic-club\\\/historias-de-la-aficion\\\/el-capote-del-athletic-al-arenas-club\\\/\",\"name\":\"Capote del Athletic al Arenas Club | Cervezas San Miguel | ES\",\"isPartOf\":{\"@id\":\"https:\\\/\\\/www.sanmiguel.com\\\/es\\\/#website\"},\"primaryImageOfPage\":{\"@id\":\"https:\\\/\\\/www.sanmiguel.com\\\/es\\\/futbol\\\/athletic-club\\\/historias-de-la-aficion\\\/el-capote-del-athletic-al-arenas-club\\\/#primaryimage\"},\"image\":{\"@id\":\"https:\\\/\\\/www.sanmiguel.com\\\/es\\\/futbol\\\/athletic-club\\\/historias-de-la-aficion\\\/el-capote-del-athletic-al-arenas-club\\\/#primaryimage\"},\"thumbnailUrl\":\"https:\\\/\\\/www.sanmiguel.com\\\/es\\\/wp-content\\\/uploads\\\/sites\\\/2\\\/2021\\\/01\\\/san-miguel-athletic-final-copa-del-rey-1919.jpg\",\"datePublished\":\"2019-07-02T16:51:00+00:00\",\"dateModified\":\"2023-12-13T08:05:05+00:00\",\"description\":\"Esa temporada el Athletic Club estrenaba sus partidos de pretemporada contra el Arenas Club de Getxo.\",\"breadcrumb\":{\"@id\":\"https:\\\/\\\/www.sanmiguel.com\\\/es\\\/futbol\\\/athletic-club\\\/historias-de-la-aficion\\\/el-capote-del-athletic-al-arenas-club\\\/#breadcrumb\"},\"inLanguage\":\"es\",\"potentialAction\":[{\"@type\":\"ReadAction\",\"target\":[\"https:\\\/\\\/www.sanmiguel.com\\\/es\\\/futbol\\\/athletic-club\\\/historias-de-la-aficion\\\/el-capote-del-athletic-al-arenas-club\\\/\"]}]},{\"@type\":\"ImageObject\",\"inLanguage\":\"es\",\"@id\":\"https:\\\/\\\/www.sanmiguel.com\\\/es\\\/futbol\\\/athletic-club\\\/historias-de-la-aficion\\\/el-capote-del-athletic-al-arenas-club\\\/#primaryimage\",\"url\":\"https:\\\/\\\/www.sanmiguel.com\\\/es\\\/wp-content\\\/uploads\\\/sites\\\/2\\\/2021\\\/01\\\/san-miguel-athletic-final-copa-del-rey-1919.jpg\",\"contentUrl\":\"https:\\\/\\\/www.sanmiguel.com\\\/es\\\/wp-content\\\/uploads\\\/sites\\\/2\\\/2021\\\/01\\\/san-miguel-athletic-final-copa-del-rey-1919.jpg\",\"width\":900,\"height\":600,\"caption\":\"san miguel athletic final copa del rey 1919\"},{\"@type\":\"BreadcrumbList\",\"@id\":\"https:\\\/\\\/www.sanmiguel.com\\\/es\\\/futbol\\\/athletic-club\\\/historias-de-la-aficion\\\/el-capote-del-athletic-al-arenas-club\\\/#breadcrumb\",\"itemListElement\":[{\"@type\":\"ListItem\",\"position\":1,\"name\":\"Portada\",\"item\":\"https:\\\/\\\/www.sanmiguel.com\\\/es\\\/\"},{\"@type\":\"ListItem\",\"position\":2,\"name\":\"El \u2018capote\u2019 del Athletic al Arenas Club\"}]},{\"@type\":\"WebSite\",\"@id\":\"https:\\\/\\\/www.sanmiguel.com\\\/es\\\/#website\",\"url\":\"https:\\\/\\\/www.sanmiguel.com\\\/es\\\/\",\"name\":\"Cervezas San Miguel | ES\",\"description\":\"Bienvenidos Cerveceros Inquietos\",\"publisher\":{\"@id\":\"https:\\\/\\\/www.sanmiguel.com\\\/es\\\/#organization\"},\"potentialAction\":[{\"@type\":\"SearchAction\",\"target\":{\"@type\":\"EntryPoint\",\"urlTemplate\":\"https:\\\/\\\/www.sanmiguel.com\\\/es\\\/?s={search_term_string}\"},\"query-input\":{\"@type\":\"PropertyValueSpecification\",\"valueRequired\":true,\"valueName\":\"search_term_string\"}}],\"inLanguage\":\"es\"},{\"@type\":\"Organization\",\"@id\":\"https:\\\/\\\/www.sanmiguel.com\\\/es\\\/#organization\",\"name\":\"Cervezas San Miguel\",\"url\":\"https:\\\/\\\/www.sanmiguel.com\\\/es\\\/\",\"logo\":{\"@type\":\"ImageObject\",\"inLanguage\":\"es\",\"@id\":\"https:\\\/\\\/www.sanmiguel.com\\\/es\\\/#\\\/schema\\\/logo\\\/image\\\/\",\"url\":\"https:\\\/\\\/www.sanmiguel.com\\\/es\\\/wp-content\\\/uploads\\\/sites\\\/2\\\/2022\\\/06\\\/cervezas-san-miguel-logo.jpg\",\"contentUrl\":\"https:\\\/\\\/www.sanmiguel.com\\\/es\\\/wp-content\\\/uploads\\\/sites\\\/2\\\/2022\\\/06\\\/cervezas-san-miguel-logo.jpg\",\"width\":400,\"height\":400,\"caption\":\"Cervezas San Miguel\"},\"image\":{\"@id\":\"https:\\\/\\\/www.sanmiguel.com\\\/es\\\/#\\\/schema\\\/logo\\\/image\\\/\"}},{\"@type\":\"Person\",\"@id\":\"https:\\\/\\\/www.sanmiguel.com\\\/es\\\/#\\\/schema\\\/person\\\/6816a963dfb61a7b5d1f61e4c94c9730\",\"name\":\"SanMiguel\",\"image\":{\"@type\":\"ImageObject\",\"inLanguage\":\"es\",\"@id\":\"https:\\\/\\\/secure.gravatar.com\\\/avatar\\\/cfe276f080e378fcabf3e365fdc7b077a5d0554ed5ba70f1c968131efa4f596a?s=96&d=mm&r=g\",\"url\":\"https:\\\/\\\/secure.gravatar.com\\\/avatar\\\/cfe276f080e378fcabf3e365fdc7b077a5d0554ed5ba70f1c968131efa4f596a?s=96&d=mm&r=g\",\"contentUrl\":\"https:\\\/\\\/secure.gravatar.com\\\/avatar\\\/cfe276f080e378fcabf3e365fdc7b077a5d0554ed5ba70f1c968131efa4f596a?s=96&d=mm&r=g\",\"caption\":\"SanMiguel\"}}]}<\/script>\n<!-- \/ Yoast SEO plugin. -->","yoast_head_json":{"title":"Capote del Athletic al Arenas Club | Cervezas San Miguel | ES","description":"Esa temporada el Athletic Club estrenaba sus partidos de pretemporada contra el Arenas Club de Getxo.","robots":{"index":"index","follow":"follow","max-snippet":"max-snippet:-1","max-image-preview":"max-image-preview:large","max-video-preview":"max-video-preview:-1"},"canonical":"https:\/\/www.sanmiguel.com\/es\/futbol\/athletic-club\/historias-de-la-aficion\/el-capote-del-athletic-al-arenas-club\/","og_locale":"es_ES","og_type":"article","og_title":"Capote del Athletic al Arenas Club | Cervezas San Miguel | ES","og_description":"Esa temporada el Athletic Club estrenaba sus partidos de pretemporada contra el Arenas Club de Getxo.","og_url":"https:\/\/www.sanmiguel.com\/es\/futbol\/athletic-club\/historias-de-la-aficion\/el-capote-del-athletic-al-arenas-club\/","og_site_name":"Cervezas San Miguel | ES","article_published_time":"2019-07-02T16:51:00+00:00","article_modified_time":"2023-12-13T08:05:05+00:00","og_image":[{"width":900,"height":600,"url":"https:\/\/www.sanmiguel.com\/es\/wp-content\/uploads\/sites\/2\/2021\/01\/san-miguel-athletic-final-copa-del-rey-1919.jpg","type":"image\/jpeg"}],"author":"SanMiguel","twitter_card":"summary_large_image","twitter_misc":{"Escrito por":"SanMiguel","Tiempo de lectura":"2 minutos"},"schema":{"@context":"https:\/\/schema.org","@graph":[{"@type":"Article","@id":"https:\/\/www.sanmiguel.com\/es\/futbol\/athletic-club\/historias-de-la-aficion\/el-capote-del-athletic-al-arenas-club\/#article","isPartOf":{"@id":"https:\/\/www.sanmiguel.com\/es\/futbol\/athletic-club\/historias-de-la-aficion\/el-capote-del-athletic-al-arenas-club\/"},"author":{"name":"SanMiguel","@id":"https:\/\/www.sanmiguel.com\/es\/#\/schema\/person\/6816a963dfb61a7b5d1f61e4c94c9730"},"headline":"El \u2018capote\u2019 del Athletic al Arenas Club","datePublished":"2019-07-02T16:51:00+00:00","dateModified":"2023-12-13T08:05:05+00:00","mainEntityOfPage":{"@id":"https:\/\/www.sanmiguel.com\/es\/futbol\/athletic-club\/historias-de-la-aficion\/el-capote-del-athletic-al-arenas-club\/"},"wordCount":230,"commentCount":0,"publisher":{"@id":"https:\/\/www.sanmiguel.com\/es\/#organization"},"image":{"@id":"https:\/\/www.sanmiguel.com\/es\/futbol\/athletic-club\/historias-de-la-aficion\/el-capote-del-athletic-al-arenas-club\/#primaryimage"},"thumbnailUrl":"https:\/\/www.sanmiguel.com\/es\/wp-content\/uploads\/sites\/2\/2021\/01\/san-miguel-athletic-final-copa-del-rey-1919.jpg","articleSection":["Historias de la afici\u00f3n"],"inLanguage":"es","potentialAction":[{"@type":"CommentAction","name":"Comment","target":["https:\/\/www.sanmiguel.com\/es\/futbol\/athletic-club\/historias-de-la-aficion\/el-capote-del-athletic-al-arenas-club\/#respond"]}]},{"@type":"WebPage","@id":"https:\/\/www.sanmiguel.com\/es\/futbol\/athletic-club\/historias-de-la-aficion\/el-capote-del-athletic-al-arenas-club\/","url":"https:\/\/www.sanmiguel.com\/es\/futbol\/athletic-club\/historias-de-la-aficion\/el-capote-del-athletic-al-arenas-club\/","name":"Capote del Athletic al Arenas Club | Cervezas San Miguel | ES","isPartOf":{"@id":"https:\/\/www.sanmiguel.com\/es\/#website"},"primaryImageOfPage":{"@id":"https:\/\/www.sanmiguel.com\/es\/futbol\/athletic-club\/historias-de-la-aficion\/el-capote-del-athletic-al-arenas-club\/#primaryimage"},"image":{"@id":"https:\/\/www.sanmiguel.com\/es\/futbol\/athletic-club\/historias-de-la-aficion\/el-capote-del-athletic-al-arenas-club\/#primaryimage"},"thumbnailUrl":"https:\/\/www.sanmiguel.com\/es\/wp-content\/uploads\/sites\/2\/2021\/01\/san-miguel-athletic-final-copa-del-rey-1919.jpg","datePublished":"2019-07-02T16:51:00+00:00","dateModified":"2023-12-13T08:05:05+00:00","description":"Esa temporada el Athletic Club estrenaba sus partidos de pretemporada contra el Arenas Club de Getxo.","breadcrumb":{"@id":"https:\/\/www.sanmiguel.com\/es\/futbol\/athletic-club\/historias-de-la-aficion\/el-capote-del-athletic-al-arenas-club\/#breadcrumb"},"inLanguage":"es","potentialAction":[{"@type":"ReadAction","target":["https:\/\/www.sanmiguel.com\/es\/futbol\/athletic-club\/historias-de-la-aficion\/el-capote-del-athletic-al-arenas-club\/"]}]},{"@type":"ImageObject","inLanguage":"es","@id":"https:\/\/www.sanmiguel.com\/es\/futbol\/athletic-club\/historias-de-la-aficion\/el-capote-del-athletic-al-arenas-club\/#primaryimage","url":"https:\/\/www.sanmiguel.com\/es\/wp-content\/uploads\/sites\/2\/2021\/01\/san-miguel-athletic-final-copa-del-rey-1919.jpg","contentUrl":"https:\/\/www.sanmiguel.com\/es\/wp-content\/uploads\/sites\/2\/2021\/01\/san-miguel-athletic-final-copa-del-rey-1919.jpg","width":900,"height":600,"caption":"san miguel athletic final copa del rey 1919"},{"@type":"BreadcrumbList","@id":"https:\/\/www.sanmiguel.com\/es\/futbol\/athletic-club\/historias-de-la-aficion\/el-capote-del-athletic-al-arenas-club\/#breadcrumb","itemListElement":[{"@type":"ListItem","position":1,"name":"Portada","item":"https:\/\/www.sanmiguel.com\/es\/"},{"@type":"ListItem","position":2,"name":"El \u2018capote\u2019 del Athletic al Arenas Club"}]},{"@type":"WebSite","@id":"https:\/\/www.sanmiguel.com\/es\/#website","url":"https:\/\/www.sanmiguel.com\/es\/","name":"Cervezas San Miguel | ES","description":"Bienvenidos Cerveceros Inquietos","publisher":{"@id":"https:\/\/www.sanmiguel.com\/es\/#organization"},"potentialAction":[{"@type":"SearchAction","target":{"@type":"EntryPoint","urlTemplate":"https:\/\/www.sanmiguel.com\/es\/?s={search_term_string}"},"query-input":{"@type":"PropertyValueSpecification","valueRequired":true,"valueName":"search_term_string"}}],"inLanguage":"es"},{"@type":"Organization","@id":"https:\/\/www.sanmiguel.com\/es\/#organization","name":"Cervezas San Miguel","url":"https:\/\/www.sanmiguel.com\/es\/","logo":{"@type":"ImageObject","inLanguage":"es","@id":"https:\/\/www.sanmiguel.com\/es\/#\/schema\/logo\/image\/","url":"https:\/\/www.sanmiguel.com\/es\/wp-content\/uploads\/sites\/2\/2022\/06\/cervezas-san-miguel-logo.jpg","contentUrl":"https:\/\/www.sanmiguel.com\/es\/wp-content\/uploads\/sites\/2\/2022\/06\/cervezas-san-miguel-logo.jpg","width":400,"height":400,"caption":"Cervezas San Miguel"},"image":{"@id":"https:\/\/www.sanmiguel.com\/es\/#\/schema\/logo\/image\/"}},{"@type":"Person","@id":"https:\/\/www.sanmiguel.com\/es\/#\/schema\/person\/6816a963dfb61a7b5d1f61e4c94c9730","name":"SanMiguel","image":{"@type":"ImageObject","inLanguage":"es","@id":"https:\/\/secure.gravatar.com\/avatar\/cfe276f080e378fcabf3e365fdc7b077a5d0554ed5ba70f1c968131efa4f596a?s=96&d=mm&r=g","url":"https:\/\/secure.gravatar.com\/avatar\/cfe276f080e378fcabf3e365fdc7b077a5d0554ed5ba70f1c968131efa4f596a?s=96&d=mm&r=g","contentUrl":"https:\/\/secure.gravatar.com\/avatar\/cfe276f080e378fcabf3e365fdc7b077a5d0554ed5ba70f1c968131efa4f596a?s=96&d=mm&r=g","caption":"SanMiguel"}}]}},"_links":{"self":[{"href":"https:\/\/www.sanmiguel.com\/es\/wp-json\/wp\/v2\/posts\/1943","targetHints":{"allow":["GET"]}}],"collection":[{"href":"https:\/\/www.sanmiguel.com\/es\/wp-json\/wp\/v2\/posts"}],"about":[{"href":"https:\/\/www.sanmiguel.com\/es\/wp-json\/wp\/v2\/types\/post"}],"author":[{"embeddable":true,"href":"https:\/\/www.sanmiguel.com\/es\/wp-json\/wp\/v2\/users\/1"}],"replies":[{"embeddable":true,"href":"https:\/\/www.sanmiguel.com\/es\/wp-json\/wp\/v2\/comments?post=1943"}],"version-history":[{"count":1,"href":"https:\/\/www.sanmiguel.com\/es\/wp-json\/wp\/v2\/posts\/1943\/revisions"}],"predecessor-version":[{"id":5928,"href":"https:\/\/www.sanmiguel.com\/es\/wp-json\/wp\/v2\/posts\/1943\/revisions\/5928"}],"wp:featuredmedia":[{"embeddable":true,"href":"https:\/\/www.sanmiguel.com\/es\/wp-json\/wp\/v2\/media\/2028"}],"wp:attachment":[{"href":"https:\/\/www.sanmiguel.com\/es\/wp-json\/wp\/v2\/media?parent=1943"}],"wp:term":[{"taxonomy":"category","embeddable":true,"href":"https:\/\/www.sanmiguel.com\/es\/wp-json\/wp\/v2\/categories?post=1943"},{"taxonomy":"post_tag","embeddable":true,"href":"https:\/\/www.sanmiguel.com\/es\/wp-json\/wp\/v2\/tags?post=1943"}],"curies":[{"name":"wp","href":"https:\/\/api.w.org\/{rel}","templated":true}]}}